{"id":782,"date":"2013-12-24T07:28:36","date_gmt":"2013-12-24T07:28:36","guid":{"rendered":"http:\/\/www.asociacionaise.org\/?p=782"},"modified":"2013-12-30T19:16:52","modified_gmt":"2013-12-30T19:16:52","slug":"feliz-navidad-y-prospero-ano-2014","status":"publish","type":"post","link":"https:\/\/www.asociacionaise.org\/index.php\/feliz-navidad-y-prospero-ano-2014\/","title":{"rendered":"\u00a1Feliz Navidad y pr\u00f3spero a\u00f1o 2014!"},"content":{"rendered":"<p style=\"text-align: justify;\"><a href=\"https:\/\/www.asociacionaise.org\/wp-content\/uploads\/2013\/12\/Postal-Nadal-2013.jpg\"><img loading=\"lazy\" decoding=\"async\" class=\"size-medium wp-image-812 alignright\" alt=\"Postal Nadal 2013\" src=\"https:\/\/www.asociacionaise.org\/wp-content\/uploads\/2013\/12\/Postal-Nadal-2013-300x173.jpg\" width=\"300\" height=\"173\" srcset=\"https:\/\/www.asociacionaise.org\/wp-content\/uploads\/2013\/12\/Postal-Nadal-2013-300x173.jpg 300w, https:\/\/www.asociacionaise.org\/wp-content\/uploads\/2013\/12\/Postal-Nadal-2013.jpg 946w\" sizes=\"auto, (max-width: 300px) 100vw, 300px\" \/><\/a>En estas fechas tan se\u00f1aladas, a las personas que estamos detr\u00e1s de AISE nos gustar\u00eda desearles <em><strong>felices fiestas y que tengan un buen a\u00f1o 2014.<\/strong><\/em><\/p>\n<p style=\"text-align: justify;\">Aqu\u00ed les dejamos una felicitaci\u00f3n de Navidad que han creado nuestras alumnas de pr\u00e1cticas, estudiantes de 4\u00ba de enfermer\u00eda de la Universidad Internacional de Catalu\u00f1a (UIC).<\/p>\n<p style=\"text-align: justify;\"><strong>\u00a0<\/strong><\/p>\n","protected":false},"excerpt":{"rendered":"<p>En estas fechas tan se\u00f1aladas, a las personas que estamos detr\u00e1s de AISE nos gustar\u00eda desearles felices fiestas y que tengan un buen a\u00f1o 2014. Aqu\u00ed les dejamos una felicitaci\u00f3n de Navidad que han creado nuestras alumnas de pr\u00e1cticas, estudiantes de 4\u00ba de enfermer\u00eda de la Universidad Internacional de Catalu\u00f1a (UIC). \u00a0<\/p>\n","protected":false},"author":5,"featured_media":0,"comment_status":"closed","ping_status":"closed","sticky":false,"template":"","format":"standard","meta":{"footnotes":""},"categories":[1],"tags":[],"class_list":["post-782","post","type-post","status-publish","format-standard","hentry","category-uncategorized"],"yoast_head":"<!-- This site is optimized with the Yoast SEO plugin v24.9 - https:\/\/yoast.com\/wordpress\/plugins\/seo\/ -->\n<title>\u00a1Feliz Navidad y pr\u00f3spero a\u00f1o 2014! - AISE<\/title>\n<meta name=\"robots\" content=\"index, follow, max-snippet:-1, max-image-preview:large, max-video-preview:-1\" \/>\n<link rel=\"canonical\" href=\"https:\/\/www.asociacionaise.org\/index.php\/feliz-navidad-y-prospero-ano-2014\/\" \/>\n<meta property=\"og:locale\" content=\"es_ES\" \/>\n<meta property=\"og:type\" content=\"article\" \/>\n<meta property=\"og:title\" content=\"\u00a1Feliz Navidad y pr\u00f3spero a\u00f1o 2014! - AISE\" \/>\n<meta property=\"og:description\" content=\"En estas fechas tan se\u00f1aladas, a las personas que estamos detr\u00e1s de AISE nos gustar\u00eda desearles felices fiestas y que tengan un buen a\u00f1o 2014. Aqu\u00ed les dejamos una felicitaci\u00f3n de Navidad que han creado nuestras alumnas de pr\u00e1cticas, estudiantes de 4\u00ba de enfermer\u00eda de la Universidad Internacional de Catalu\u00f1a (UIC). \u00a0\" \/>\n<meta property=\"og:url\" content=\"https:\/\/www.asociacionaise.org\/index.php\/feliz-navidad-y-prospero-ano-2014\/\" \/>\n<meta property=\"og:site_name\" content=\"AISE\" \/>\n<meta property=\"article:publisher\" content=\"https:\/\/www.facebook.com\/AISEOrg\/\" \/>\n<meta property=\"article:published_time\" content=\"2013-12-24T07:28:36+00:00\" \/>\n<meta property=\"article:modified_time\" content=\"2013-12-30T19:16:52+00:00\" \/>\n<meta property=\"og:image\" content=\"http:\/\/www.asociacionaise.org\/wp-content\/uploads\/2013\/12\/Postal-Nadal-2013-300x173.jpg\" \/>\n<meta name=\"author\" content=\"Cristina Fern\u00e1ndez\" \/>\n<meta name=\"twitter:card\" content=\"summary_large_image\" \/>\n<meta name=\"twitter:creator\" content=\"@ASOCIACIONAISE\" \/>\n<meta name=\"twitter:site\" content=\"@ASOCIACIONAISE\" \/>\n<meta name=\"twitter:label1\" content=\"Escrito por\" \/>\n\t<meta name=\"twitter:data1\" content=\"Cristina Fern\u00e1ndez\" \/>\n<script type=\"application\/ld+json\" class=\"yoast-schema-graph\">{\"@context\":\"https:\/\/schema.org\",\"@graph\":[{\"@type\":\"Article\",\"@id\":\"https:\/\/www.asociacionaise.org\/index.php\/feliz-navidad-y-prospero-ano-2014\/#article\",\"isPartOf\":{\"@id\":\"https:\/\/www.asociacionaise.org\/index.php\/feliz-navidad-y-prospero-ano-2014\/\"},\"author\":{\"name\":\"Cristina Fern\u00e1ndez\",\"@id\":\"https:\/\/www.asociacionaise.org\/#\/schema\/person\/70ffe441b355a3fc31f91ffa0e5645c0\"},\"headline\":\"\u00a1Feliz Navidad y pr\u00f3spero a\u00f1o 2014!\",\"datePublished\":\"2013-12-24T07:28:36+00:00\",\"dateModified\":\"2013-12-30T19:16:52+00:00\",\"mainEntityOfPage\":{\"@id\":\"https:\/\/www.asociacionaise.org\/index.php\/feliz-navidad-y-prospero-ano-2014\/\"},\"wordCount\":64,\"publisher\":{\"@id\":\"https:\/\/www.asociacionaise.org\/#organization\"},\"image\":{\"@id\":\"https:\/\/www.asociacionaise.org\/index.php\/feliz-navidad-y-prospero-ano-2014\/#primaryimage\"},\"thumbnailUrl\":\"http:\/\/www.asociacionaise.org\/wp-content\/uploads\/2013\/12\/Postal-Nadal-2013-300x173.jpg\",\"articleSection\":[\"Uncategorized\"],\"inLanguage\":\"es\"},{\"@type\":\"WebPage\",\"@id\":\"https:\/\/www.asociacionaise.org\/index.php\/feliz-navidad-y-prospero-ano-2014\/\",\"url\":\"https:\/\/www.asociacionaise.org\/index.php\/feliz-navidad-y-prospero-ano-2014\/\",\"name\":\"\u00a1Feliz Navidad y pr\u00f3spero a\u00f1o 2014! - AISE\",\"isPartOf\":{\"@id\":\"https:\/\/www.asociacionaise.org\/#website\"},\"primaryImageOfPage\":{\"@id\":\"https:\/\/www.asociacionaise.org\/index.php\/feliz-navidad-y-prospero-ano-2014\/#primaryimage\"},\"image\":{\"@id\":\"https:\/\/www.asociacionaise.org\/index.php\/feliz-navidad-y-prospero-ano-2014\/#primaryimage\"},\"thumbnailUrl\":\"http:\/\/www.asociacionaise.org\/wp-content\/uploads\/2013\/12\/Postal-Nadal-2013-300x173.jpg\",\"datePublished\":\"2013-12-24T07:28:36+00:00\",\"dateModified\":\"2013-12-30T19:16:52+00:00\",\"breadcrumb\":{\"@id\":\"https:\/\/www.asociacionaise.org\/index.php\/feliz-navidad-y-prospero-ano-2014\/#breadcrumb\"},\"inLanguage\":\"es\",\"potentialAction\":[{\"@type\":\"ReadAction\",\"target\":[\"https:\/\/www.asociacionaise.org\/index.php\/feliz-navidad-y-prospero-ano-2014\/\"]}]},{\"@type\":\"ImageObject\",\"inLanguage\":\"es\",\"@id\":\"https:\/\/www.asociacionaise.org\/index.php\/feliz-navidad-y-prospero-ano-2014\/#primaryimage\",\"url\":\"https:\/\/www.asociacionaise.org\/wp-content\/uploads\/2013\/12\/Postal-Nadal-2013.jpg\",\"contentUrl\":\"https:\/\/www.asociacionaise.org\/wp-content\/uploads\/2013\/12\/Postal-Nadal-2013.jpg\",\"width\":946,\"height\":548},{\"@type\":\"BreadcrumbList\",\"@id\":\"https:\/\/www.asociacionaise.org\/index.php\/feliz-navidad-y-prospero-ano-2014\/#breadcrumb\",\"itemListElement\":[{\"@type\":\"ListItem\",\"position\":1,\"name\":\"Portada\",\"item\":\"https:\/\/www.asociacionaise.org\/\"},{\"@type\":\"ListItem\",\"position\":2,\"name\":\"\u00a1Feliz Navidad y pr\u00f3spero a\u00f1o 2014!\"}]},{\"@type\":\"WebSite\",\"@id\":\"https:\/\/www.asociacionaise.org\/#website\",\"url\":\"https:\/\/www.asociacionaise.org\/\",\"name\":\"AISE\",\"description\":\"Asociaci\u00f3n Internacional de Sanitarios en Espa\u00f1a\",\"publisher\":{\"@id\":\"https:\/\/www.asociacionaise.org\/#organization\"},\"potentialAction\":[{\"@type\":\"SearchAction\",\"target\":{\"@type\":\"EntryPoint\",\"urlTemplate\":\"https:\/\/www.asociacionaise.org\/?s={search_term_string}\"},\"query-input\":{\"@type\":\"PropertyValueSpecification\",\"valueRequired\":true,\"valueName\":\"search_term_string\"}}],\"inLanguage\":\"es\"},{\"@type\":\"Organization\",\"@id\":\"https:\/\/www.asociacionaise.org\/#organization\",\"name\":\"Asociacion AISE\",\"url\":\"https:\/\/www.asociacionaise.org\/\",\"logo\":{\"@type\":\"ImageObject\",\"inLanguage\":\"es\",\"@id\":\"https:\/\/www.asociacionaise.org\/#\/schema\/logo\/image\/\",\"url\":\"http:\/\/www.asociacionaise.org\/wp-content\/uploads\/2020\/02\/logo256.png\",\"contentUrl\":\"http:\/\/www.asociacionaise.org\/wp-content\/uploads\/2020\/02\/logo256.png\",\"width\":256,\"height\":256,\"caption\":\"Asociacion AISE\"},\"image\":{\"@id\":\"https:\/\/www.asociacionaise.org\/#\/schema\/logo\/image\/\"},\"sameAs\":[\"https:\/\/www.facebook.com\/AISEOrg\/\",\"https:\/\/x.com\/ASOCIACIONAISE\",\"https:\/\/www.instagram.com\/aise_voluntariado\/\",\"https:\/\/www.linkedin.com\/in\/asociacion-aise-64a445147\/\"]},{\"@type\":\"Person\",\"@id\":\"https:\/\/www.asociacionaise.org\/#\/schema\/person\/70ffe441b355a3fc31f91ffa0e5645c0\",\"name\":\"Cristina Fern\u00e1ndez\",\"url\":\"https:\/\/www.asociacionaise.org\/index.php\/author\/cristina\/\"}]}<\/script>\n<!-- \/ Yoast SEO plugin. -->","yoast_head_json":{"title":"\u00a1Feliz Navidad y pr\u00f3spero a\u00f1o 2014! - AISE","robots":{"index":"index","follow":"follow","max-snippet":"max-snippet:-1","max-image-preview":"max-image-preview:large","max-video-preview":"max-video-preview:-1"},"canonical":"https:\/\/www.asociacionaise.org\/index.php\/feliz-navidad-y-prospero-ano-2014\/","og_locale":"es_ES","og_type":"article","og_title":"\u00a1Feliz Navidad y pr\u00f3spero a\u00f1o 2014! - AISE","og_description":"En estas fechas tan se\u00f1aladas, a las personas que estamos detr\u00e1s de AISE nos gustar\u00eda desearles felices fiestas y que tengan un buen a\u00f1o 2014. Aqu\u00ed les dejamos una felicitaci\u00f3n de Navidad que han creado nuestras alumnas de pr\u00e1cticas, estudiantes de 4\u00ba de enfermer\u00eda de la Universidad Internacional de Catalu\u00f1a (UIC). \u00a0","og_url":"https:\/\/www.asociacionaise.org\/index.php\/feliz-navidad-y-prospero-ano-2014\/","og_site_name":"AISE","article_publisher":"https:\/\/www.facebook.com\/AISEOrg\/","article_published_time":"2013-12-24T07:28:36+00:00","article_modified_time":"2013-12-30T19:16:52+00:00","og_image":[{"url":"http:\/\/www.asociacionaise.org\/wp-content\/uploads\/2013\/12\/Postal-Nadal-2013-300x173.jpg","type":"","width":"","height":""}],"author":"Cristina Fern\u00e1ndez","twitter_card":"summary_large_image","twitter_creator":"@ASOCIACIONAISE","twitter_site":"@ASOCIACIONAISE","twitter_misc":{"Escrito por":"Cristina Fern\u00e1ndez"},"schema":{"@context":"https:\/\/schema.org","@graph":[{"@type":"Article","@id":"https:\/\/www.asociacionaise.org\/index.php\/feliz-navidad-y-prospero-ano-2014\/#article","isPartOf":{"@id":"https:\/\/www.asociacionaise.org\/index.php\/feliz-navidad-y-prospero-ano-2014\/"},"author":{"name":"Cristina Fern\u00e1ndez","@id":"https:\/\/www.asociacionaise.org\/#\/schema\/person\/70ffe441b355a3fc31f91ffa0e5645c0"},"headline":"\u00a1Feliz Navidad y pr\u00f3spero a\u00f1o 2014!","datePublished":"2013-12-24T07:28:36+00:00","dateModified":"2013-12-30T19:16:52+00:00","mainEntityOfPage":{"@id":"https:\/\/www.asociacionaise.org\/index.php\/feliz-navidad-y-prospero-ano-2014\/"},"wordCount":64,"publisher":{"@id":"https:\/\/www.asociacionaise.org\/#organization"},"image":{"@id":"https:\/\/www.asociacionaise.org\/index.php\/feliz-navidad-y-prospero-ano-2014\/#primaryimage"},"thumbnailUrl":"http:\/\/www.asociacionaise.org\/wp-content\/uploads\/2013\/12\/Postal-Nadal-2013-300x173.jpg","articleSection":["Uncategorized"],"inLanguage":"es"},{"@type":"WebPage","@id":"https:\/\/www.asociacionaise.org\/index.php\/feliz-navidad-y-prospero-ano-2014\/","url":"https:\/\/www.asociacionaise.org\/index.php\/feliz-navidad-y-prospero-ano-2014\/","name":"\u00a1Feliz Navidad y pr\u00f3spero a\u00f1o 2014! - AISE","isPartOf":{"@id":"https:\/\/www.asociacionaise.org\/#website"},"primaryImageOfPage":{"@id":"https:\/\/www.asociacionaise.org\/index.php\/feliz-navidad-y-prospero-ano-2014\/#primaryimage"},"image":{"@id":"https:\/\/www.asociacionaise.org\/index.php\/feliz-navidad-y-prospero-ano-2014\/#primaryimage"},"thumbnailUrl":"http:\/\/www.asociacionaise.org\/wp-content\/uploads\/2013\/12\/Postal-Nadal-2013-300x173.jpg","datePublished":"2013-12-24T07:28:36+00:00","dateModified":"2013-12-30T19:16:52+00:00","breadcrumb":{"@id":"https:\/\/www.asociacionaise.org\/index.php\/feliz-navidad-y-prospero-ano-2014\/#breadcrumb"},"inLanguage":"es","potentialAction":[{"@type":"ReadAction","target":["https:\/\/www.asociacionaise.org\/index.php\/feliz-navidad-y-prospero-ano-2014\/"]}]},{"@type":"ImageObject","inLanguage":"es","@id":"https:\/\/www.asociacionaise.org\/index.php\/feliz-navidad-y-prospero-ano-2014\/#primaryimage","url":"https:\/\/www.asociacionaise.org\/wp-content\/uploads\/2013\/12\/Postal-Nadal-2013.jpg","contentUrl":"https:\/\/www.asociacionaise.org\/wp-content\/uploads\/2013\/12\/Postal-Nadal-2013.jpg","width":946,"height":548},{"@type":"BreadcrumbList","@id":"https:\/\/www.asociacionaise.org\/index.php\/feliz-navidad-y-prospero-ano-2014\/#breadcrumb","itemListElement":[{"@type":"ListItem","position":1,"name":"Portada","item":"https:\/\/www.asociacionaise.org\/"},{"@type":"ListItem","position":2,"name":"\u00a1Feliz Navidad y pr\u00f3spero a\u00f1o 2014!"}]},{"@type":"WebSite","@id":"https:\/\/www.asociacionaise.org\/#website","url":"https:\/\/www.asociacionaise.org\/","name":"AISE","description":"Asociaci\u00f3n Internacional de Sanitarios en Espa\u00f1a","publisher":{"@id":"https:\/\/www.asociacionaise.org\/#organization"},"potentialAction":[{"@type":"SearchAction","target":{"@type":"EntryPoint","urlTemplate":"https:\/\/www.asociacionaise.org\/?s={search_term_string}"},"query-input":{"@type":"PropertyValueSpecification","valueRequired":true,"valueName":"search_term_string"}}],"inLanguage":"es"},{"@type":"Organization","@id":"https:\/\/www.asociacionaise.org\/#organization","name":"Asociacion AISE","url":"https:\/\/www.asociacionaise.org\/","logo":{"@type":"ImageObject","inLanguage":"es","@id":"https:\/\/www.asociacionaise.org\/#\/schema\/logo\/image\/","url":"http:\/\/www.asociacionaise.org\/wp-content\/uploads\/2020\/02\/logo256.png","contentUrl":"http:\/\/www.asociacionaise.org\/wp-content\/uploads\/2020\/02\/logo256.png","width":256,"height":256,"caption":"Asociacion AISE"},"image":{"@id":"https:\/\/www.asociacionaise.org\/#\/schema\/logo\/image\/"},"sameAs":["https:\/\/www.facebook.com\/AISEOrg\/","https:\/\/x.com\/ASOCIACIONAISE","https:\/\/www.instagram.com\/aise_voluntariado\/","https:\/\/www.linkedin.com\/in\/asociacion-aise-64a445147\/"]},{"@type":"Person","@id":"https:\/\/www.asociacionaise.org\/#\/schema\/person\/70ffe441b355a3fc31f91ffa0e5645c0","name":"Cristina Fern\u00e1ndez","url":"https:\/\/www.asociacionaise.org\/index.php\/author\/cristina\/"}]}},"_links":{"self":[{"href":"https:\/\/www.asociacionaise.org\/index.php\/wp-json\/wp\/v2\/posts\/782","targetHints":{"allow":["GET"]}}],"collection":[{"href":"https:\/\/www.asociacionaise.org\/index.php\/wp-json\/wp\/v2\/posts"}],"about":[{"href":"https:\/\/www.asociacionaise.org\/index.php\/wp-json\/wp\/v2\/types\/post"}],"author":[{"embeddable":true,"href":"https:\/\/www.asociacionaise.org\/index.php\/wp-json\/wp\/v2\/users\/5"}],"replies":[{"embeddable":true,"href":"https:\/\/www.asociacionaise.org\/index.php\/wp-json\/wp\/v2\/comments?post=782"}],"version-history":[{"count":10,"href":"https:\/\/www.asociacionaise.org\/index.php\/wp-json\/wp\/v2\/posts\/782\/revisions"}],"predecessor-version":[{"id":785,"href":"https:\/\/www.asociacionaise.org\/index.php\/wp-json\/wp\/v2\/posts\/782\/revisions\/785"}],"wp:attachment":[{"href":"https:\/\/www.asociacionaise.org\/index.php\/wp-json\/wp\/v2\/media?parent=782"}],"wp:term":[{"taxonomy":"category","embeddable":true,"href":"https:\/\/www.asociacionaise.org\/index.php\/wp-json\/wp\/v2\/categories?post=782"},{"taxonomy":"post_tag","embeddable":true,"href":"https:\/\/www.asociacionaise.org\/index.php\/wp-json\/wp\/v2\/tags?post=782"}],"curies":[{"name":"wp","href":"https:\/\/api.w.org\/{rel}","templated":true}]}}