{"id":5429,"date":"2021-06-29T09:19:58","date_gmt":"2021-06-29T09:19:58","guid":{"rendered":"http:\/\/www.asociacionaise.org\/?p=5429"},"modified":"2021-06-29T09:20:48","modified_gmt":"2021-06-29T09:20:48","slug":"volvemos-a-ecuador","status":"publish","type":"post","link":"https:\/\/www.asociacionaise.org\/index.php\/volvemos-a-ecuador\/","title":{"rendered":"\u00a1VOLVEMOS A ECUADOR!"},"content":{"rendered":"<h2><\/h2>\n<h1 style=\"text-align: center;\"><strong>COMENZAMOS LAS Minicampa\u00f1as 2021<\/strong><\/h1>\n<p><a href=\"https:\/\/www.asociacionaise.org\/index.php\/voluntariado\/hazte-voluntario\/\"><img loading=\"lazy\" decoding=\"async\" class=\"alignleft size-medium wp-image-5431\" src=\"https:\/\/www.asociacionaise.org\/wp-content\/uploads\/2021\/06\/image_2021-06-29_181557-211x300.png\" alt=\"Cartel Campanyas 2021\" width=\"211\" height=\"300\" srcset=\"https:\/\/www.asociacionaise.org\/wp-content\/uploads\/2021\/06\/image_2021-06-29_181557-211x300.png 211w, https:\/\/www.asociacionaise.org\/wp-content\/uploads\/2021\/06\/image_2021-06-29_181557-722x1024.png 722w, https:\/\/www.asociacionaise.org\/wp-content\/uploads\/2021\/06\/image_2021-06-29_181557-768x1089.png 768w, https:\/\/www.asociacionaise.org\/wp-content\/uploads\/2021\/06\/image_2021-06-29_181557-1083x1536.png 1083w, https:\/\/www.asociacionaise.org\/wp-content\/uploads\/2021\/06\/image_2021-06-29_181557.png 1173w\" sizes=\"auto, (max-width: 211px) 100vw, 211px\" \/><\/a>Con la llegada de la pandemia todo cambi\u00f3. Las campa\u00f1as tuvieron que ser suspendidas y los proyectos retrasados. Pero no cancelados. Por ello, volvemos a estar en activo \u00a1y con m\u00e1s energ\u00eda que nunca!\u00a0 Porque hay cosas que por mucho que se alteren permanecen inmutables, como el esp\u00edritu colaborador. <a href=\"https:\/\/www.asociacionaise.org\/index.php\/voluntariado\/hazte-voluntario\/\">\u00bfTe unes a nosotros?<\/a><\/p>\n<p>Buscamos gente con perfil sanitario y\/o psicosocial para una mini-campa\u00f1a sanitaria en Ecuador. Si nunca has participado en un voluntariado y te preguntas, qu\u00e9 podr\u00edas aportar, <a href=\"https:\/\/www.asociacionaise.org\/index.php\/voluntariado\/hazte-voluntario\/\">\u00a1an\u00edmate!<\/a> Es tu oportunidad de a\u00f1adir tu granito de arena.<\/p>\n<p>Y si por el contrario quieres colaborar en proyectos locales, tenemos muchos m\u00e1s proyectos a tu alcance. Ojea nuestra p\u00e1gina y descubre el proyecto que m\u00e1s se adapte a ti.<\/p>\n","protected":false},"excerpt":{"rendered":"<p>COMENZAMOS LAS Minicampa\u00f1as 2021 Con la llegada de la pandemia todo cambi\u00f3. Las campa\u00f1as tuvieron que ser suspendidas y los proyectos retrasados. Pero no cancelados. Por ello, volvemos a estar en activo \u00a1y con m\u00e1s energ\u00eda que nunca!\u00a0 Porque hay cosas que por mucho que se alteren permanecen inmutables, como el esp\u00edritu colaborador. \u00bfTe unes [&hellip;]<\/p>\n","protected":false},"author":5,"featured_media":0,"comment_status":"closed","ping_status":"closed","sticky":false,"template":"","format":"standard","meta":{"footnotes":""},"categories":[1],"tags":[],"class_list":["post-5429","post","type-post","status-publish","format-standard","hentry","category-uncategorized"],"yoast_head":"<!-- This site is optimized with the Yoast SEO plugin v24.9 - https:\/\/yoast.com\/wordpress\/plugins\/seo\/ -->\n<title>\u00a1VOLVEMOS A ECUADOR! - AISE<\/title>\n<meta name=\"robots\" content=\"index, follow, max-snippet:-1, max-image-preview:large, max-video-preview:-1\" \/>\n<link rel=\"canonical\" href=\"https:\/\/www.asociacionaise.org\/index.php\/volvemos-a-ecuador\/\" \/>\n<meta property=\"og:locale\" content=\"es_ES\" \/>\n<meta property=\"og:type\" content=\"article\" \/>\n<meta property=\"og:title\" content=\"\u00a1VOLVEMOS A ECUADOR! - AISE\" \/>\n<meta property=\"og:description\" content=\"COMENZAMOS LAS Minicampa\u00f1as 2021 Con la llegada de la pandemia todo cambi\u00f3. Las campa\u00f1as tuvieron que ser suspendidas y los proyectos retrasados. Pero no cancelados. Por ello, volvemos a estar en activo \u00a1y con m\u00e1s energ\u00eda que nunca!\u00a0 Porque hay cosas que por mucho que se alteren permanecen inmutables, como el esp\u00edritu colaborador. \u00bfTe unes [&hellip;]\" \/>\n<meta property=\"og:url\" content=\"https:\/\/www.asociacionaise.org\/index.php\/volvemos-a-ecuador\/\" \/>\n<meta property=\"og:site_name\" content=\"AISE\" \/>\n<meta property=\"article:publisher\" content=\"https:\/\/www.facebook.com\/AISEOrg\/\" \/>\n<meta property=\"article:published_time\" content=\"2021-06-29T09:19:58+00:00\" \/>\n<meta property=\"article:modified_time\" content=\"2021-06-29T09:20:48+00:00\" \/>\n<meta property=\"og:image\" content=\"http:\/\/www.asociacionaise.org\/wp-content\/uploads\/2021\/06\/image_2021-06-29_181557-211x300.png\" \/>\n<meta name=\"author\" content=\"Cristina Fern\u00e1ndez\" \/>\n<meta name=\"twitter:card\" content=\"summary_large_image\" \/>\n<meta name=\"twitter:creator\" content=\"@ASOCIACIONAISE\" \/>\n<meta name=\"twitter:site\" content=\"@ASOCIACIONAISE\" \/>\n<meta name=\"twitter:label1\" content=\"Escrito por\" \/>\n\t<meta name=\"twitter:data1\" content=\"Cristina Fern\u00e1ndez\" \/>\n\t<meta name=\"twitter:label2\" content=\"Tiempo de lectura\" \/>\n\t<meta name=\"twitter:data2\" content=\"1 minuto\" \/>\n<script type=\"application\/ld+json\" class=\"yoast-schema-graph\">{\"@context\":\"https:\/\/schema.org\",\"@graph\":[{\"@type\":\"Article\",\"@id\":\"https:\/\/www.asociacionaise.org\/index.php\/volvemos-a-ecuador\/#article\",\"isPartOf\":{\"@id\":\"https:\/\/www.asociacionaise.org\/index.php\/volvemos-a-ecuador\/\"},\"author\":{\"name\":\"Cristina Fern\u00e1ndez\",\"@id\":\"https:\/\/www.asociacionaise.org\/#\/schema\/person\/70ffe441b355a3fc31f91ffa0e5645c0\"},\"headline\":\"\u00a1VOLVEMOS A ECUADOR!\",\"datePublished\":\"2021-06-29T09:19:58+00:00\",\"dateModified\":\"2021-06-29T09:20:48+00:00\",\"mainEntityOfPage\":{\"@id\":\"https:\/\/www.asociacionaise.org\/index.php\/volvemos-a-ecuador\/\"},\"wordCount\":138,\"publisher\":{\"@id\":\"https:\/\/www.asociacionaise.org\/#organization\"},\"image\":{\"@id\":\"https:\/\/www.asociacionaise.org\/index.php\/volvemos-a-ecuador\/#primaryimage\"},\"thumbnailUrl\":\"http:\/\/www.asociacionaise.org\/wp-content\/uploads\/2021\/06\/image_2021-06-29_181557-211x300.png\",\"articleSection\":[\"Uncategorized\"],\"inLanguage\":\"es\"},{\"@type\":\"WebPage\",\"@id\":\"https:\/\/www.asociacionaise.org\/index.php\/volvemos-a-ecuador\/\",\"url\":\"https:\/\/www.asociacionaise.org\/index.php\/volvemos-a-ecuador\/\",\"name\":\"\u00a1VOLVEMOS A ECUADOR! - AISE\",\"isPartOf\":{\"@id\":\"https:\/\/www.asociacionaise.org\/#website\"},\"primaryImageOfPage\":{\"@id\":\"https:\/\/www.asociacionaise.org\/index.php\/volvemos-a-ecuador\/#primaryimage\"},\"image\":{\"@id\":\"https:\/\/www.asociacionaise.org\/index.php\/volvemos-a-ecuador\/#primaryimage\"},\"thumbnailUrl\":\"http:\/\/www.asociacionaise.org\/wp-content\/uploads\/2021\/06\/image_2021-06-29_181557-211x300.png\",\"datePublished\":\"2021-06-29T09:19:58+00:00\",\"dateModified\":\"2021-06-29T09:20:48+00:00\",\"breadcrumb\":{\"@id\":\"https:\/\/www.asociacionaise.org\/index.php\/volvemos-a-ecuador\/#breadcrumb\"},\"inLanguage\":\"es\",\"potentialAction\":[{\"@type\":\"ReadAction\",\"target\":[\"https:\/\/www.asociacionaise.org\/index.php\/volvemos-a-ecuador\/\"]}]},{\"@type\":\"ImageObject\",\"inLanguage\":\"es\",\"@id\":\"https:\/\/www.asociacionaise.org\/index.php\/volvemos-a-ecuador\/#primaryimage\",\"url\":\"https:\/\/www.asociacionaise.org\/wp-content\/uploads\/2021\/06\/image_2021-06-29_181557.png\",\"contentUrl\":\"https:\/\/www.asociacionaise.org\/wp-content\/uploads\/2021\/06\/image_2021-06-29_181557.png\",\"width\":1173,\"height\":1664,\"caption\":\"Cartel Campanyas 2021\"},{\"@type\":\"BreadcrumbList\",\"@id\":\"https:\/\/www.asociacionaise.org\/index.php\/volvemos-a-ecuador\/#breadcrumb\",\"itemListElement\":[{\"@type\":\"ListItem\",\"position\":1,\"name\":\"Portada\",\"item\":\"https:\/\/www.asociacionaise.org\/\"},{\"@type\":\"ListItem\",\"position\":2,\"name\":\"\u00a1VOLVEMOS A ECUADOR!\"}]},{\"@type\":\"WebSite\",\"@id\":\"https:\/\/www.asociacionaise.org\/#website\",\"url\":\"https:\/\/www.asociacionaise.org\/\",\"name\":\"AISE\",\"description\":\"Asociaci\u00f3n Internacional de Sanitarios en Espa\u00f1a\",\"publisher\":{\"@id\":\"https:\/\/www.asociacionaise.org\/#organization\"},\"potentialAction\":[{\"@type\":\"SearchAction\",\"target\":{\"@type\":\"EntryPoint\",\"urlTemplate\":\"https:\/\/www.asociacionaise.org\/?s={search_term_string}\"},\"query-input\":{\"@type\":\"PropertyValueSpecification\",\"valueRequired\":true,\"valueName\":\"search_term_string\"}}],\"inLanguage\":\"es\"},{\"@type\":\"Organization\",\"@id\":\"https:\/\/www.asociacionaise.org\/#organization\",\"name\":\"Asociacion AISE\",\"url\":\"https:\/\/www.asociacionaise.org\/\",\"logo\":{\"@type\":\"ImageObject\",\"inLanguage\":\"es\",\"@id\":\"https:\/\/www.asociacionaise.org\/#\/schema\/logo\/image\/\",\"url\":\"http:\/\/www.asociacionaise.org\/wp-content\/uploads\/2020\/02\/logo256.png\",\"contentUrl\":\"http:\/\/www.asociacionaise.org\/wp-content\/uploads\/2020\/02\/logo256.png\",\"width\":256,\"height\":256,\"caption\":\"Asociacion AISE\"},\"image\":{\"@id\":\"https:\/\/www.asociacionaise.org\/#\/schema\/logo\/image\/\"},\"sameAs\":[\"https:\/\/www.facebook.com\/AISEOrg\/\",\"https:\/\/x.com\/ASOCIACIONAISE\",\"https:\/\/www.instagram.com\/aise_voluntariado\/\",\"https:\/\/www.linkedin.com\/in\/asociacion-aise-64a445147\/\"]},{\"@type\":\"Person\",\"@id\":\"https:\/\/www.asociacionaise.org\/#\/schema\/person\/70ffe441b355a3fc31f91ffa0e5645c0\",\"name\":\"Cristina Fern\u00e1ndez\",\"url\":\"https:\/\/www.asociacionaise.org\/index.php\/author\/cristina\/\"}]}<\/script>\n<!-- \/ Yoast SEO plugin. -->","yoast_head_json":{"title":"\u00a1VOLVEMOS A ECUADOR! - AISE","robots":{"index":"index","follow":"follow","max-snippet":"max-snippet:-1","max-image-preview":"max-image-preview:large","max-video-preview":"max-video-preview:-1"},"canonical":"https:\/\/www.asociacionaise.org\/index.php\/volvemos-a-ecuador\/","og_locale":"es_ES","og_type":"article","og_title":"\u00a1VOLVEMOS A ECUADOR! - AISE","og_description":"COMENZAMOS LAS Minicampa\u00f1as 2021 Con la llegada de la pandemia todo cambi\u00f3. Las campa\u00f1as tuvieron que ser suspendidas y los proyectos retrasados. Pero no cancelados. Por ello, volvemos a estar en activo \u00a1y con m\u00e1s energ\u00eda que nunca!\u00a0 Porque hay cosas que por mucho que se alteren permanecen inmutables, como el esp\u00edritu colaborador. \u00bfTe unes [&hellip;]","og_url":"https:\/\/www.asociacionaise.org\/index.php\/volvemos-a-ecuador\/","og_site_name":"AISE","article_publisher":"https:\/\/www.facebook.com\/AISEOrg\/","article_published_time":"2021-06-29T09:19:58+00:00","article_modified_time":"2021-06-29T09:20:48+00:00","og_image":[{"url":"http:\/\/www.asociacionaise.org\/wp-content\/uploads\/2021\/06\/image_2021-06-29_181557-211x300.png","type":"","width":"","height":""}],"author":"Cristina Fern\u00e1ndez","twitter_card":"summary_large_image","twitter_creator":"@ASOCIACIONAISE","twitter_site":"@ASOCIACIONAISE","twitter_misc":{"Escrito por":"Cristina Fern\u00e1ndez","Tiempo de lectura":"1 minuto"},"schema":{"@context":"https:\/\/schema.org","@graph":[{"@type":"Article","@id":"https:\/\/www.asociacionaise.org\/index.php\/volvemos-a-ecuador\/#article","isPartOf":{"@id":"https:\/\/www.asociacionaise.org\/index.php\/volvemos-a-ecuador\/"},"author":{"name":"Cristina Fern\u00e1ndez","@id":"https:\/\/www.asociacionaise.org\/#\/schema\/person\/70ffe441b355a3fc31f91ffa0e5645c0"},"headline":"\u00a1VOLVEMOS A ECUADOR!","datePublished":"2021-06-29T09:19:58+00:00","dateModified":"2021-06-29T09:20:48+00:00","mainEntityOfPage":{"@id":"https:\/\/www.asociacionaise.org\/index.php\/volvemos-a-ecuador\/"},"wordCount":138,"publisher":{"@id":"https:\/\/www.asociacionaise.org\/#organization"},"image":{"@id":"https:\/\/www.asociacionaise.org\/index.php\/volvemos-a-ecuador\/#primaryimage"},"thumbnailUrl":"http:\/\/www.asociacionaise.org\/wp-content\/uploads\/2021\/06\/image_2021-06-29_181557-211x300.png","articleSection":["Uncategorized"],"inLanguage":"es"},{"@type":"WebPage","@id":"https:\/\/www.asociacionaise.org\/index.php\/volvemos-a-ecuador\/","url":"https:\/\/www.asociacionaise.org\/index.php\/volvemos-a-ecuador\/","name":"\u00a1VOLVEMOS A ECUADOR! - AISE","isPartOf":{"@id":"https:\/\/www.asociacionaise.org\/#website"},"primaryImageOfPage":{"@id":"https:\/\/www.asociacionaise.org\/index.php\/volvemos-a-ecuador\/#primaryimage"},"image":{"@id":"https:\/\/www.asociacionaise.org\/index.php\/volvemos-a-ecuador\/#primaryimage"},"thumbnailUrl":"http:\/\/www.asociacionaise.org\/wp-content\/uploads\/2021\/06\/image_2021-06-29_181557-211x300.png","datePublished":"2021-06-29T09:19:58+00:00","dateModified":"2021-06-29T09:20:48+00:00","breadcrumb":{"@id":"https:\/\/www.asociacionaise.org\/index.php\/volvemos-a-ecuador\/#breadcrumb"},"inLanguage":"es","potentialAction":[{"@type":"ReadAction","target":["https:\/\/www.asociacionaise.org\/index.php\/volvemos-a-ecuador\/"]}]},{"@type":"ImageObject","inLanguage":"es","@id":"https:\/\/www.asociacionaise.org\/index.php\/volvemos-a-ecuador\/#primaryimage","url":"https:\/\/www.asociacionaise.org\/wp-content\/uploads\/2021\/06\/image_2021-06-29_181557.png","contentUrl":"https:\/\/www.asociacionaise.org\/wp-content\/uploads\/2021\/06\/image_2021-06-29_181557.png","width":1173,"height":1664,"caption":"Cartel Campanyas 2021"},{"@type":"BreadcrumbList","@id":"https:\/\/www.asociacionaise.org\/index.php\/volvemos-a-ecuador\/#breadcrumb","itemListElement":[{"@type":"ListItem","position":1,"name":"Portada","item":"https:\/\/www.asociacionaise.org\/"},{"@type":"ListItem","position":2,"name":"\u00a1VOLVEMOS A ECUADOR!"}]},{"@type":"WebSite","@id":"https:\/\/www.asociacionaise.org\/#website","url":"https:\/\/www.asociacionaise.org\/","name":"AISE","description":"Asociaci\u00f3n Internacional de Sanitarios en Espa\u00f1a","publisher":{"@id":"https:\/\/www.asociacionaise.org\/#organization"},"potentialAction":[{"@type":"SearchAction","target":{"@type":"EntryPoint","urlTemplate":"https:\/\/www.asociacionaise.org\/?s={search_term_string}"},"query-input":{"@type":"PropertyValueSpecification","valueRequired":true,"valueName":"search_term_string"}}],"inLanguage":"es"},{"@type":"Organization","@id":"https:\/\/www.asociacionaise.org\/#organization","name":"Asociacion AISE","url":"https:\/\/www.asociacionaise.org\/","logo":{"@type":"ImageObject","inLanguage":"es","@id":"https:\/\/www.asociacionaise.org\/#\/schema\/logo\/image\/","url":"http:\/\/www.asociacionaise.org\/wp-content\/uploads\/2020\/02\/logo256.png","contentUrl":"http:\/\/www.asociacionaise.org\/wp-content\/uploads\/2020\/02\/logo256.png","width":256,"height":256,"caption":"Asociacion AISE"},"image":{"@id":"https:\/\/www.asociacionaise.org\/#\/schema\/logo\/image\/"},"sameAs":["https:\/\/www.facebook.com\/AISEOrg\/","https:\/\/x.com\/ASOCIACIONAISE","https:\/\/www.instagram.com\/aise_voluntariado\/","https:\/\/www.linkedin.com\/in\/asociacion-aise-64a445147\/"]},{"@type":"Person","@id":"https:\/\/www.asociacionaise.org\/#\/schema\/person\/70ffe441b355a3fc31f91ffa0e5645c0","name":"Cristina Fern\u00e1ndez","url":"https:\/\/www.asociacionaise.org\/index.php\/author\/cristina\/"}]}},"_links":{"self":[{"href":"https:\/\/www.asociacionaise.org\/index.php\/wp-json\/wp\/v2\/posts\/5429","targetHints":{"allow":["GET"]}}],"collection":[{"href":"https:\/\/www.asociacionaise.org\/index.php\/wp-json\/wp\/v2\/posts"}],"about":[{"href":"https:\/\/www.asociacionaise.org\/index.php\/wp-json\/wp\/v2\/types\/post"}],"author":[{"embeddable":true,"href":"https:\/\/www.asociacionaise.org\/index.php\/wp-json\/wp\/v2\/users\/5"}],"replies":[{"embeddable":true,"href":"https:\/\/www.asociacionaise.org\/index.php\/wp-json\/wp\/v2\/comments?post=5429"}],"version-history":[{"count":5,"href":"https:\/\/www.asociacionaise.org\/index.php\/wp-json\/wp\/v2\/posts\/5429\/revisions"}],"predecessor-version":[{"id":5435,"href":"https:\/\/www.asociacionaise.org\/index.php\/wp-json\/wp\/v2\/posts\/5429\/revisions\/5435"}],"wp:attachment":[{"href":"https:\/\/www.asociacionaise.org\/index.php\/wp-json\/wp\/v2\/media?parent=5429"}],"wp:term":[{"taxonomy":"category","embeddable":true,"href":"https:\/\/www.asociacionaise.org\/index.php\/wp-json\/wp\/v2\/categories?post=5429"},{"taxonomy":"post_tag","embeddable":true,"href":"https:\/\/www.asociacionaise.org\/index.php\/wp-json\/wp\/v2\/tags?post=5429"}],"curies":[{"name":"wp","href":"https:\/\/api.w.org\/{rel}","templated":true}]}}