{"id":5256,"date":"2020-04-01T01:34:25","date_gmt":"2020-04-01T01:34:25","guid":{"rendered":"http:\/\/www.asociacionaise.org\/?p=5256"},"modified":"2020-05-22T03:54:43","modified_gmt":"2020-05-22T03:54:43","slug":"suspendidas-las-campanas-por-la-pandemia","status":"publish","type":"post","link":"https:\/\/www.asociacionaise.org\/index.php\/suspendidas-las-campanas-por-la-pandemia\/","title":{"rendered":"Suspendidas las Campa\u00f1as  por la pandemia"},"content":{"rendered":"<p><img loading=\"lazy\" decoding=\"async\" class=\"size-medium wp-image-5270 alignleft\" src=\"https:\/\/www.asociacionaise.org\/wp-content\/uploads\/2020\/05\/4eb74445-a9a8-434a-9fe9-5229a9c96daf-300x225.jpg\" alt=\"\" width=\"300\" height=\"225\" srcset=\"https:\/\/www.asociacionaise.org\/wp-content\/uploads\/2020\/05\/4eb74445-a9a8-434a-9fe9-5229a9c96daf-300x225.jpg 300w, https:\/\/www.asociacionaise.org\/wp-content\/uploads\/2020\/05\/4eb74445-a9a8-434a-9fe9-5229a9c96daf-768x576.jpg 768w, https:\/\/www.asociacionaise.org\/wp-content\/uploads\/2020\/05\/4eb74445-a9a8-434a-9fe9-5229a9c96daf-1024x768.jpg 1024w, https:\/\/www.asociacionaise.org\/wp-content\/uploads\/2020\/05\/4eb74445-a9a8-434a-9fe9-5229a9c96daf.jpg 1600w\" sizes=\"auto, (max-width: 300px) 100vw, 300px\" \/>Como ya sab\u00e9is, la pandemia por COVID-19 est\u00e1 afectando a nivel mundial. En nuestro caso, el coronavirus nos ha obligado a suspender la 18\u00aa Campa\u00f1a Socio-Sanitaria 15 d\u00edas antes de su finalizaci\u00f3n y repatriar a los voluntarios de manera urgente.<\/p>\n<p>El d\u00eda 15 de marzo suspendimos oficialmente el proyecto y, gracias al apoyo de muchas entidades y esfuerzo privados, permitieron lo que parec\u00eda imposible: Traer de vuelta a 61 voluntarios espa\u00f1oles. Varios grupos fueron alojados gratuitamente, mediante diferentes entidades fueron traslados de las diferentes provincias hasta el aeropuerto de Quito y gracias a Iberia y el Consulado de Espa\u00f1a en Ecuador los voluntarios pudieron volver, 13 de ellos lo hicieron el 18 de marzo y el resto el d\u00eda 22.<\/p>\n<p>Actualmente, hemos tenido que suspender las Campa\u00f1as mensuales, y estamos a la espera de la evoluci\u00f3n de la pandemia para conocer cuando podremos reiniciar nuestra labor, y ahora con m\u00e1s fuerza que nunca.<\/p>\n<p>Esperamos poder tener buenas noticias pronto, mientras tanto enviamos mucho \u00e1nimo y fuerza a todos. Juntos lo conseguiremos!!<\/p>\n","protected":false},"excerpt":{"rendered":"<p>Como ya sab\u00e9is, la pandemia por COVID-19 est\u00e1 afectando a nivel mundial. En nuestro caso, el coronavirus nos ha obligado a suspender la 18\u00aa Campa\u00f1a Socio-Sanitaria 15 d\u00edas antes de su finalizaci\u00f3n y repatriar a los voluntarios de manera urgente. El d\u00eda 15 de marzo suspendimos oficialmente el proyecto y, gracias al apoyo de muchas [&hellip;]<\/p>\n","protected":false},"author":5,"featured_media":5271,"comment_status":"closed","ping_status":"closed","sticky":false,"template":"","format":"standard","meta":{"footnotes":""},"categories":[1],"tags":[],"class_list":["post-5256","post","type-post","status-publish","format-standard","has-post-thumbnail","hentry","category-uncategorized"],"yoast_head":"<!-- This site is optimized with the Yoast SEO plugin v24.9 - https:\/\/yoast.com\/wordpress\/plugins\/seo\/ -->\n<title>Suspendidas las Campa\u00f1as por la pandemia - AISE<\/title>\n<meta name=\"robots\" content=\"index, follow, max-snippet:-1, max-image-preview:large, max-video-preview:-1\" \/>\n<link rel=\"canonical\" href=\"https:\/\/www.asociacionaise.org\/index.php\/suspendidas-las-campanas-por-la-pandemia\/\" \/>\n<meta property=\"og:locale\" content=\"es_ES\" \/>\n<meta property=\"og:type\" content=\"article\" \/>\n<meta property=\"og:title\" content=\"Suspendidas las Campa\u00f1as por la pandemia - AISE\" \/>\n<meta property=\"og:description\" content=\"Como ya sab\u00e9is, la pandemia por COVID-19 est\u00e1 afectando a nivel mundial. En nuestro caso, el coronavirus nos ha obligado a suspender la 18\u00aa Campa\u00f1a Socio-Sanitaria 15 d\u00edas antes de su finalizaci\u00f3n y repatriar a los voluntarios de manera urgente. El d\u00eda 15 de marzo suspendimos oficialmente el proyecto y, gracias al apoyo de muchas [&hellip;]\" \/>\n<meta property=\"og:url\" content=\"https:\/\/www.asociacionaise.org\/index.php\/suspendidas-las-campanas-por-la-pandemia\/\" \/>\n<meta property=\"og:site_name\" content=\"AISE\" \/>\n<meta property=\"article:publisher\" content=\"https:\/\/www.facebook.com\/AISEOrg\/\" \/>\n<meta property=\"article:published_time\" content=\"2020-04-01T01:34:25+00:00\" \/>\n<meta property=\"article:modified_time\" content=\"2020-05-22T03:54:43+00:00\" \/>\n<meta property=\"og:image\" content=\"https:\/\/www.asociacionaise.org\/wp-content\/uploads\/2020\/05\/eb8a23d1-af89-4b5d-bd43-4de6d4d91591.jpg\" \/>\n\t<meta property=\"og:image:width\" content=\"1600\" \/>\n\t<meta property=\"og:image:height\" content=\"1200\" \/>\n\t<meta property=\"og:image:type\" content=\"image\/jpeg\" \/>\n<meta name=\"author\" content=\"Cristina Fern\u00e1ndez\" \/>\n<meta name=\"twitter:card\" content=\"summary_large_image\" \/>\n<meta name=\"twitter:creator\" content=\"@ASOCIACIONAISE\" \/>\n<meta name=\"twitter:site\" content=\"@ASOCIACIONAISE\" \/>\n<meta name=\"twitter:label1\" content=\"Escrito por\" \/>\n\t<meta name=\"twitter:data1\" content=\"Cristina Fern\u00e1ndez\" \/>\n\t<meta name=\"twitter:label2\" content=\"Tiempo de lectura\" \/>\n\t<meta name=\"twitter:data2\" content=\"1 minuto\" \/>\n<script type=\"application\/ld+json\" class=\"yoast-schema-graph\">{\"@context\":\"https:\/\/schema.org\",\"@graph\":[{\"@type\":\"Article\",\"@id\":\"https:\/\/www.asociacionaise.org\/index.php\/suspendidas-las-campanas-por-la-pandemia\/#article\",\"isPartOf\":{\"@id\":\"https:\/\/www.asociacionaise.org\/index.php\/suspendidas-las-campanas-por-la-pandemia\/\"},\"author\":{\"name\":\"Cristina Fern\u00e1ndez\",\"@id\":\"https:\/\/www.asociacionaise.org\/#\/schema\/person\/70ffe441b355a3fc31f91ffa0e5645c0\"},\"headline\":\"Suspendidas las Campa\u00f1as por la pandemia\",\"datePublished\":\"2020-04-01T01:34:25+00:00\",\"dateModified\":\"2020-05-22T03:54:43+00:00\",\"mainEntityOfPage\":{\"@id\":\"https:\/\/www.asociacionaise.org\/index.php\/suspendidas-las-campanas-por-la-pandemia\/\"},\"wordCount\":183,\"publisher\":{\"@id\":\"https:\/\/www.asociacionaise.org\/#organization\"},\"image\":{\"@id\":\"https:\/\/www.asociacionaise.org\/index.php\/suspendidas-las-campanas-por-la-pandemia\/#primaryimage\"},\"thumbnailUrl\":\"https:\/\/www.asociacionaise.org\/wp-content\/uploads\/2020\/05\/eb8a23d1-af89-4b5d-bd43-4de6d4d91591.jpg\",\"articleSection\":[\"Uncategorized\"],\"inLanguage\":\"es\"},{\"@type\":\"WebPage\",\"@id\":\"https:\/\/www.asociacionaise.org\/index.php\/suspendidas-las-campanas-por-la-pandemia\/\",\"url\":\"https:\/\/www.asociacionaise.org\/index.php\/suspendidas-las-campanas-por-la-pandemia\/\",\"name\":\"Suspendidas las Campa\u00f1as por la pandemia - AISE\",\"isPartOf\":{\"@id\":\"https:\/\/www.asociacionaise.org\/#website\"},\"primaryImageOfPage\":{\"@id\":\"https:\/\/www.asociacionaise.org\/index.php\/suspendidas-las-campanas-por-la-pandemia\/#primaryimage\"},\"image\":{\"@id\":\"https:\/\/www.asociacionaise.org\/index.php\/suspendidas-las-campanas-por-la-pandemia\/#primaryimage\"},\"thumbnailUrl\":\"https:\/\/www.asociacionaise.org\/wp-content\/uploads\/2020\/05\/eb8a23d1-af89-4b5d-bd43-4de6d4d91591.jpg\",\"datePublished\":\"2020-04-01T01:34:25+00:00\",\"dateModified\":\"2020-05-22T03:54:43+00:00\",\"breadcrumb\":{\"@id\":\"https:\/\/www.asociacionaise.org\/index.php\/suspendidas-las-campanas-por-la-pandemia\/#breadcrumb\"},\"inLanguage\":\"es\",\"potentialAction\":[{\"@type\":\"ReadAction\",\"target\":[\"https:\/\/www.asociacionaise.org\/index.php\/suspendidas-las-campanas-por-la-pandemia\/\"]}]},{\"@type\":\"ImageObject\",\"inLanguage\":\"es\",\"@id\":\"https:\/\/www.asociacionaise.org\/index.php\/suspendidas-las-campanas-por-la-pandemia\/#primaryimage\",\"url\":\"https:\/\/www.asociacionaise.org\/wp-content\/uploads\/2020\/05\/eb8a23d1-af89-4b5d-bd43-4de6d4d91591.jpg\",\"contentUrl\":\"https:\/\/www.asociacionaise.org\/wp-content\/uploads\/2020\/05\/eb8a23d1-af89-4b5d-bd43-4de6d4d91591.jpg\",\"width\":1600,\"height\":1200},{\"@type\":\"BreadcrumbList\",\"@id\":\"https:\/\/www.asociacionaise.org\/index.php\/suspendidas-las-campanas-por-la-pandemia\/#breadcrumb\",\"itemListElement\":[{\"@type\":\"ListItem\",\"position\":1,\"name\":\"Portada\",\"item\":\"https:\/\/www.asociacionaise.org\/\"},{\"@type\":\"ListItem\",\"position\":2,\"name\":\"Suspendidas las Campa\u00f1as por la pandemia\"}]},{\"@type\":\"WebSite\",\"@id\":\"https:\/\/www.asociacionaise.org\/#website\",\"url\":\"https:\/\/www.asociacionaise.org\/\",\"name\":\"AISE\",\"description\":\"Asociaci\u00f3n Internacional de Sanitarios en Espa\u00f1a\",\"publisher\":{\"@id\":\"https:\/\/www.asociacionaise.org\/#organization\"},\"potentialAction\":[{\"@type\":\"SearchAction\",\"target\":{\"@type\":\"EntryPoint\",\"urlTemplate\":\"https:\/\/www.asociacionaise.org\/?s={search_term_string}\"},\"query-input\":{\"@type\":\"PropertyValueSpecification\",\"valueRequired\":true,\"valueName\":\"search_term_string\"}}],\"inLanguage\":\"es\"},{\"@type\":\"Organization\",\"@id\":\"https:\/\/www.asociacionaise.org\/#organization\",\"name\":\"Asociacion AISE\",\"url\":\"https:\/\/www.asociacionaise.org\/\",\"logo\":{\"@type\":\"ImageObject\",\"inLanguage\":\"es\",\"@id\":\"https:\/\/www.asociacionaise.org\/#\/schema\/logo\/image\/\",\"url\":\"http:\/\/www.asociacionaise.org\/wp-content\/uploads\/2020\/02\/logo256.png\",\"contentUrl\":\"http:\/\/www.asociacionaise.org\/wp-content\/uploads\/2020\/02\/logo256.png\",\"width\":256,\"height\":256,\"caption\":\"Asociacion AISE\"},\"image\":{\"@id\":\"https:\/\/www.asociacionaise.org\/#\/schema\/logo\/image\/\"},\"sameAs\":[\"https:\/\/www.facebook.com\/AISEOrg\/\",\"https:\/\/x.com\/ASOCIACIONAISE\",\"https:\/\/www.instagram.com\/aise_voluntariado\/\",\"https:\/\/www.linkedin.com\/in\/asociacion-aise-64a445147\/\"]},{\"@type\":\"Person\",\"@id\":\"https:\/\/www.asociacionaise.org\/#\/schema\/person\/70ffe441b355a3fc31f91ffa0e5645c0\",\"name\":\"Cristina Fern\u00e1ndez\",\"url\":\"https:\/\/www.asociacionaise.org\/index.php\/author\/cristina\/\"}]}<\/script>\n<!-- \/ Yoast SEO plugin. -->","yoast_head_json":{"title":"Suspendidas las Campa\u00f1as por la pandemia - AISE","robots":{"index":"index","follow":"follow","max-snippet":"max-snippet:-1","max-image-preview":"max-image-preview:large","max-video-preview":"max-video-preview:-1"},"canonical":"https:\/\/www.asociacionaise.org\/index.php\/suspendidas-las-campanas-por-la-pandemia\/","og_locale":"es_ES","og_type":"article","og_title":"Suspendidas las Campa\u00f1as por la pandemia - AISE","og_description":"Como ya sab\u00e9is, la pandemia por COVID-19 est\u00e1 afectando a nivel mundial. En nuestro caso, el coronavirus nos ha obligado a suspender la 18\u00aa Campa\u00f1a Socio-Sanitaria 15 d\u00edas antes de su finalizaci\u00f3n y repatriar a los voluntarios de manera urgente. El d\u00eda 15 de marzo suspendimos oficialmente el proyecto y, gracias al apoyo de muchas [&hellip;]","og_url":"https:\/\/www.asociacionaise.org\/index.php\/suspendidas-las-campanas-por-la-pandemia\/","og_site_name":"AISE","article_publisher":"https:\/\/www.facebook.com\/AISEOrg\/","article_published_time":"2020-04-01T01:34:25+00:00","article_modified_time":"2020-05-22T03:54:43+00:00","og_image":[{"width":1600,"height":1200,"url":"https:\/\/www.asociacionaise.org\/wp-content\/uploads\/2020\/05\/eb8a23d1-af89-4b5d-bd43-4de6d4d91591.jpg","type":"image\/jpeg"}],"author":"Cristina Fern\u00e1ndez","twitter_card":"summary_large_image","twitter_creator":"@ASOCIACIONAISE","twitter_site":"@ASOCIACIONAISE","twitter_misc":{"Escrito por":"Cristina Fern\u00e1ndez","Tiempo de lectura":"1 minuto"},"schema":{"@context":"https:\/\/schema.org","@graph":[{"@type":"Article","@id":"https:\/\/www.asociacionaise.org\/index.php\/suspendidas-las-campanas-por-la-pandemia\/#article","isPartOf":{"@id":"https:\/\/www.asociacionaise.org\/index.php\/suspendidas-las-campanas-por-la-pandemia\/"},"author":{"name":"Cristina Fern\u00e1ndez","@id":"https:\/\/www.asociacionaise.org\/#\/schema\/person\/70ffe441b355a3fc31f91ffa0e5645c0"},"headline":"Suspendidas las Campa\u00f1as por la pandemia","datePublished":"2020-04-01T01:34:25+00:00","dateModified":"2020-05-22T03:54:43+00:00","mainEntityOfPage":{"@id":"https:\/\/www.asociacionaise.org\/index.php\/suspendidas-las-campanas-por-la-pandemia\/"},"wordCount":183,"publisher":{"@id":"https:\/\/www.asociacionaise.org\/#organization"},"image":{"@id":"https:\/\/www.asociacionaise.org\/index.php\/suspendidas-las-campanas-por-la-pandemia\/#primaryimage"},"thumbnailUrl":"https:\/\/www.asociacionaise.org\/wp-content\/uploads\/2020\/05\/eb8a23d1-af89-4b5d-bd43-4de6d4d91591.jpg","articleSection":["Uncategorized"],"inLanguage":"es"},{"@type":"WebPage","@id":"https:\/\/www.asociacionaise.org\/index.php\/suspendidas-las-campanas-por-la-pandemia\/","url":"https:\/\/www.asociacionaise.org\/index.php\/suspendidas-las-campanas-por-la-pandemia\/","name":"Suspendidas las Campa\u00f1as por la pandemia - AISE","isPartOf":{"@id":"https:\/\/www.asociacionaise.org\/#website"},"primaryImageOfPage":{"@id":"https:\/\/www.asociacionaise.org\/index.php\/suspendidas-las-campanas-por-la-pandemia\/#primaryimage"},"image":{"@id":"https:\/\/www.asociacionaise.org\/index.php\/suspendidas-las-campanas-por-la-pandemia\/#primaryimage"},"thumbnailUrl":"https:\/\/www.asociacionaise.org\/wp-content\/uploads\/2020\/05\/eb8a23d1-af89-4b5d-bd43-4de6d4d91591.jpg","datePublished":"2020-04-01T01:34:25+00:00","dateModified":"2020-05-22T03:54:43+00:00","breadcrumb":{"@id":"https:\/\/www.asociacionaise.org\/index.php\/suspendidas-las-campanas-por-la-pandemia\/#breadcrumb"},"inLanguage":"es","potentialAction":[{"@type":"ReadAction","target":["https:\/\/www.asociacionaise.org\/index.php\/suspendidas-las-campanas-por-la-pandemia\/"]}]},{"@type":"ImageObject","inLanguage":"es","@id":"https:\/\/www.asociacionaise.org\/index.php\/suspendidas-las-campanas-por-la-pandemia\/#primaryimage","url":"https:\/\/www.asociacionaise.org\/wp-content\/uploads\/2020\/05\/eb8a23d1-af89-4b5d-bd43-4de6d4d91591.jpg","contentUrl":"https:\/\/www.asociacionaise.org\/wp-content\/uploads\/2020\/05\/eb8a23d1-af89-4b5d-bd43-4de6d4d91591.jpg","width":1600,"height":1200},{"@type":"BreadcrumbList","@id":"https:\/\/www.asociacionaise.org\/index.php\/suspendidas-las-campanas-por-la-pandemia\/#breadcrumb","itemListElement":[{"@type":"ListItem","position":1,"name":"Portada","item":"https:\/\/www.asociacionaise.org\/"},{"@type":"ListItem","position":2,"name":"Suspendidas las Campa\u00f1as por la pandemia"}]},{"@type":"WebSite","@id":"https:\/\/www.asociacionaise.org\/#website","url":"https:\/\/www.asociacionaise.org\/","name":"AISE","description":"Asociaci\u00f3n Internacional de Sanitarios en Espa\u00f1a","publisher":{"@id":"https:\/\/www.asociacionaise.org\/#organization"},"potentialAction":[{"@type":"SearchAction","target":{"@type":"EntryPoint","urlTemplate":"https:\/\/www.asociacionaise.org\/?s={search_term_string}"},"query-input":{"@type":"PropertyValueSpecification","valueRequired":true,"valueName":"search_term_string"}}],"inLanguage":"es"},{"@type":"Organization","@id":"https:\/\/www.asociacionaise.org\/#organization","name":"Asociacion AISE","url":"https:\/\/www.asociacionaise.org\/","logo":{"@type":"ImageObject","inLanguage":"es","@id":"https:\/\/www.asociacionaise.org\/#\/schema\/logo\/image\/","url":"http:\/\/www.asociacionaise.org\/wp-content\/uploads\/2020\/02\/logo256.png","contentUrl":"http:\/\/www.asociacionaise.org\/wp-content\/uploads\/2020\/02\/logo256.png","width":256,"height":256,"caption":"Asociacion AISE"},"image":{"@id":"https:\/\/www.asociacionaise.org\/#\/schema\/logo\/image\/"},"sameAs":["https:\/\/www.facebook.com\/AISEOrg\/","https:\/\/x.com\/ASOCIACIONAISE","https:\/\/www.instagram.com\/aise_voluntariado\/","https:\/\/www.linkedin.com\/in\/asociacion-aise-64a445147\/"]},{"@type":"Person","@id":"https:\/\/www.asociacionaise.org\/#\/schema\/person\/70ffe441b355a3fc31f91ffa0e5645c0","name":"Cristina Fern\u00e1ndez","url":"https:\/\/www.asociacionaise.org\/index.php\/author\/cristina\/"}]}},"_links":{"self":[{"href":"https:\/\/www.asociacionaise.org\/index.php\/wp-json\/wp\/v2\/posts\/5256","targetHints":{"allow":["GET"]}}],"collection":[{"href":"https:\/\/www.asociacionaise.org\/index.php\/wp-json\/wp\/v2\/posts"}],"about":[{"href":"https:\/\/www.asociacionaise.org\/index.php\/wp-json\/wp\/v2\/types\/post"}],"author":[{"embeddable":true,"href":"https:\/\/www.asociacionaise.org\/index.php\/wp-json\/wp\/v2\/users\/5"}],"replies":[{"embeddable":true,"href":"https:\/\/www.asociacionaise.org\/index.php\/wp-json\/wp\/v2\/comments?post=5256"}],"version-history":[{"count":2,"href":"https:\/\/www.asociacionaise.org\/index.php\/wp-json\/wp\/v2\/posts\/5256\/revisions"}],"predecessor-version":[{"id":5272,"href":"https:\/\/www.asociacionaise.org\/index.php\/wp-json\/wp\/v2\/posts\/5256\/revisions\/5272"}],"wp:featuredmedia":[{"embeddable":true,"href":"https:\/\/www.asociacionaise.org\/index.php\/wp-json\/wp\/v2\/media\/5271"}],"wp:attachment":[{"href":"https:\/\/www.asociacionaise.org\/index.php\/wp-json\/wp\/v2\/media?parent=5256"}],"wp:term":[{"taxonomy":"category","embeddable":true,"href":"https:\/\/www.asociacionaise.org\/index.php\/wp-json\/wp\/v2\/categories?post=5256"},{"taxonomy":"post_tag","embeddable":true,"href":"https:\/\/www.asociacionaise.org\/index.php\/wp-json\/wp\/v2\/tags?post=5256"}],"curies":[{"name":"wp","href":"https:\/\/api.w.org\/{rel}","templated":true}]}}