{"id":5161,"date":"2020-01-28T03:27:47","date_gmt":"2020-01-28T03:27:47","guid":{"rendered":"http:\/\/www.asociacionaise.org\/?p=5161"},"modified":"2020-02-24T10:02:04","modified_gmt":"2020-02-24T10:02:04","slug":"aise-organiza-la-cena-de-confraternizacion","status":"publish","type":"post","link":"https:\/\/www.asociacionaise.org\/index.php\/aise-organiza-la-cena-de-confraternizacion\/","title":{"rendered":"AISE organiza la Cena de Confraternizaci\u00f3n"},"content":{"rendered":"<p>AISE organiza una cena anual, este a\u00f1o ser\u00e1 el d\u00eda 7 de febrero con los voluntarios que participar\u00e1n en la 18\u00ba Campa\u00f1a en Ecuador 2020, bajo el lema \u201csaca al voluntario que llevas dentro\u201d. Los voluntarios que participar\u00e1n en dicha Campa\u00f1a tendr\u00e1n la oportunidad de conocerse y conocer a toda la plantilla en esta cena. Despu\u00e9s de un largo d\u00eda de formaci\u00f3n, la noche dar\u00e1 la oportunidad de desconectar y compartir experiencias.<\/p>\n<p>Sabemos que en cooperaci\u00f3n internacional el trabajo en equipo es fundamental, por eso organizar este tipo de actividad conjunta es el primer paso para lograr una integraci\u00f3n al equipo. El men\u00fa y otra informaci\u00f3n relevante se encuentra en el cartel adjunto.<\/p>\n<p><img loading=\"lazy\" decoding=\"async\" class=\"size-medium wp-image-5122 aligncenter\" src=\"https:\/\/www.asociacionaise.org\/wp-content\/uploads\/2020\/01\/cena-18css-300x223.jpg\" alt=\"\" width=\"300\" height=\"223\" \/><\/p>\n<p>\u00a1Est\u00e1is todos invitados!<\/p>\n<p><em>Redactado por Edward Flores, alumno de 4\u00ba Enfermer\u00eda de la UIC<\/em><\/p>\n","protected":false},"excerpt":{"rendered":"<p>AISE organiza una cena anual, este a\u00f1o ser\u00e1 el d\u00eda 7 de febrero con los voluntarios que participar\u00e1n en la 18\u00ba Campa\u00f1a en Ecuador 2020, bajo el lema \u201csaca al voluntario que llevas dentro\u201d. Los voluntarios que participar\u00e1n en dicha Campa\u00f1a tendr\u00e1n la oportunidad de conocerse y conocer a toda la plantilla en esta cena. [&hellip;]<\/p>\n","protected":false},"author":5,"featured_media":5122,"comment_status":"closed","ping_status":"closed","sticky":false,"template":"","format":"standard","meta":{"footnotes":""},"categories":[1],"tags":[],"class_list":["post-5161","post","type-post","status-publish","format-standard","has-post-thumbnail","hentry","category-uncategorized"],"yoast_head":"<!-- This site is optimized with the Yoast SEO plugin v24.9 - https:\/\/yoast.com\/wordpress\/plugins\/seo\/ -->\n<title>AISE organiza la Cena de Confraternizaci\u00f3n - AISE<\/title>\n<meta name=\"robots\" content=\"index, follow, max-snippet:-1, max-image-preview:large, max-video-preview:-1\" \/>\n<link rel=\"canonical\" href=\"https:\/\/www.asociacionaise.org\/index.php\/aise-organiza-la-cena-de-confraternizacion\/\" \/>\n<meta property=\"og:locale\" content=\"es_ES\" \/>\n<meta property=\"og:type\" content=\"article\" \/>\n<meta property=\"og:title\" content=\"AISE organiza la Cena de Confraternizaci\u00f3n - AISE\" \/>\n<meta property=\"og:description\" content=\"AISE organiza una cena anual, este a\u00f1o ser\u00e1 el d\u00eda 7 de febrero con los voluntarios que participar\u00e1n en la 18\u00ba Campa\u00f1a en Ecuador 2020, bajo el lema \u201csaca al voluntario que llevas dentro\u201d. Los voluntarios que participar\u00e1n en dicha Campa\u00f1a tendr\u00e1n la oportunidad de conocerse y conocer a toda la plantilla en esta cena. [&hellip;]\" \/>\n<meta property=\"og:url\" content=\"https:\/\/www.asociacionaise.org\/index.php\/aise-organiza-la-cena-de-confraternizacion\/\" \/>\n<meta property=\"og:site_name\" content=\"AISE\" \/>\n<meta property=\"article:publisher\" content=\"https:\/\/www.facebook.com\/AISEOrg\/\" \/>\n<meta property=\"article:published_time\" content=\"2020-01-28T03:27:47+00:00\" \/>\n<meta property=\"article:modified_time\" content=\"2020-02-24T10:02:04+00:00\" \/>\n<meta property=\"og:image\" content=\"https:\/\/www.asociacionaise.org\/wp-content\/uploads\/2020\/01\/cena-18css.png\" \/>\n\t<meta property=\"og:image:width\" content=\"1280\" \/>\n\t<meta property=\"og:image:height\" content=\"953\" \/>\n\t<meta property=\"og:image:type\" content=\"image\/png\" \/>\n<meta name=\"author\" content=\"Cristina Fern\u00e1ndez\" \/>\n<meta name=\"twitter:card\" content=\"summary_large_image\" \/>\n<meta name=\"twitter:creator\" content=\"@ASOCIACIONAISE\" \/>\n<meta name=\"twitter:site\" content=\"@ASOCIACIONAISE\" \/>\n<meta name=\"twitter:label1\" content=\"Escrito por\" \/>\n\t<meta name=\"twitter:data1\" content=\"Cristina Fern\u00e1ndez\" \/>\n\t<meta name=\"twitter:label2\" content=\"Tiempo de lectura\" \/>\n\t<meta name=\"twitter:data2\" content=\"1 minuto\" \/>\n<script type=\"application\/ld+json\" class=\"yoast-schema-graph\">{\"@context\":\"https:\/\/schema.org\",\"@graph\":[{\"@type\":\"Article\",\"@id\":\"https:\/\/www.asociacionaise.org\/index.php\/aise-organiza-la-cena-de-confraternizacion\/#article\",\"isPartOf\":{\"@id\":\"https:\/\/www.asociacionaise.org\/index.php\/aise-organiza-la-cena-de-confraternizacion\/\"},\"author\":{\"name\":\"Cristina Fern\u00e1ndez\",\"@id\":\"https:\/\/www.asociacionaise.org\/#\/schema\/person\/70ffe441b355a3fc31f91ffa0e5645c0\"},\"headline\":\"AISE organiza la Cena de Confraternizaci\u00f3n\",\"datePublished\":\"2020-01-28T03:27:47+00:00\",\"dateModified\":\"2020-02-24T10:02:04+00:00\",\"mainEntityOfPage\":{\"@id\":\"https:\/\/www.asociacionaise.org\/index.php\/aise-organiza-la-cena-de-confraternizacion\/\"},\"wordCount\":145,\"publisher\":{\"@id\":\"https:\/\/www.asociacionaise.org\/#organization\"},\"image\":{\"@id\":\"https:\/\/www.asociacionaise.org\/index.php\/aise-organiza-la-cena-de-confraternizacion\/#primaryimage\"},\"thumbnailUrl\":\"https:\/\/www.asociacionaise.org\/wp-content\/uploads\/2020\/01\/cena-18css.png\",\"articleSection\":[\"Uncategorized\"],\"inLanguage\":\"es\"},{\"@type\":\"WebPage\",\"@id\":\"https:\/\/www.asociacionaise.org\/index.php\/aise-organiza-la-cena-de-confraternizacion\/\",\"url\":\"https:\/\/www.asociacionaise.org\/index.php\/aise-organiza-la-cena-de-confraternizacion\/\",\"name\":\"AISE organiza la Cena de Confraternizaci\u00f3n - AISE\",\"isPartOf\":{\"@id\":\"https:\/\/www.asociacionaise.org\/#website\"},\"primaryImageOfPage\":{\"@id\":\"https:\/\/www.asociacionaise.org\/index.php\/aise-organiza-la-cena-de-confraternizacion\/#primaryimage\"},\"image\":{\"@id\":\"https:\/\/www.asociacionaise.org\/index.php\/aise-organiza-la-cena-de-confraternizacion\/#primaryimage\"},\"thumbnailUrl\":\"https:\/\/www.asociacionaise.org\/wp-content\/uploads\/2020\/01\/cena-18css.png\",\"datePublished\":\"2020-01-28T03:27:47+00:00\",\"dateModified\":\"2020-02-24T10:02:04+00:00\",\"breadcrumb\":{\"@id\":\"https:\/\/www.asociacionaise.org\/index.php\/aise-organiza-la-cena-de-confraternizacion\/#breadcrumb\"},\"inLanguage\":\"es\",\"potentialAction\":[{\"@type\":\"ReadAction\",\"target\":[\"https:\/\/www.asociacionaise.org\/index.php\/aise-organiza-la-cena-de-confraternizacion\/\"]}]},{\"@type\":\"ImageObject\",\"inLanguage\":\"es\",\"@id\":\"https:\/\/www.asociacionaise.org\/index.php\/aise-organiza-la-cena-de-confraternizacion\/#primaryimage\",\"url\":\"https:\/\/www.asociacionaise.org\/wp-content\/uploads\/2020\/01\/cena-18css.png\",\"contentUrl\":\"https:\/\/www.asociacionaise.org\/wp-content\/uploads\/2020\/01\/cena-18css.png\",\"width\":1280,\"height\":953},{\"@type\":\"BreadcrumbList\",\"@id\":\"https:\/\/www.asociacionaise.org\/index.php\/aise-organiza-la-cena-de-confraternizacion\/#breadcrumb\",\"itemListElement\":[{\"@type\":\"ListItem\",\"position\":1,\"name\":\"Portada\",\"item\":\"https:\/\/www.asociacionaise.org\/\"},{\"@type\":\"ListItem\",\"position\":2,\"name\":\"AISE organiza la Cena de Confraternizaci\u00f3n\"}]},{\"@type\":\"WebSite\",\"@id\":\"https:\/\/www.asociacionaise.org\/#website\",\"url\":\"https:\/\/www.asociacionaise.org\/\",\"name\":\"AISE\",\"description\":\"Asociaci\u00f3n Internacional de Sanitarios en Espa\u00f1a\",\"publisher\":{\"@id\":\"https:\/\/www.asociacionaise.org\/#organization\"},\"potentialAction\":[{\"@type\":\"SearchAction\",\"target\":{\"@type\":\"EntryPoint\",\"urlTemplate\":\"https:\/\/www.asociacionaise.org\/?s={search_term_string}\"},\"query-input\":{\"@type\":\"PropertyValueSpecification\",\"valueRequired\":true,\"valueName\":\"search_term_string\"}}],\"inLanguage\":\"es\"},{\"@type\":\"Organization\",\"@id\":\"https:\/\/www.asociacionaise.org\/#organization\",\"name\":\"Asociacion AISE\",\"url\":\"https:\/\/www.asociacionaise.org\/\",\"logo\":{\"@type\":\"ImageObject\",\"inLanguage\":\"es\",\"@id\":\"https:\/\/www.asociacionaise.org\/#\/schema\/logo\/image\/\",\"url\":\"http:\/\/www.asociacionaise.org\/wp-content\/uploads\/2020\/02\/logo256.png\",\"contentUrl\":\"http:\/\/www.asociacionaise.org\/wp-content\/uploads\/2020\/02\/logo256.png\",\"width\":256,\"height\":256,\"caption\":\"Asociacion AISE\"},\"image\":{\"@id\":\"https:\/\/www.asociacionaise.org\/#\/schema\/logo\/image\/\"},\"sameAs\":[\"https:\/\/www.facebook.com\/AISEOrg\/\",\"https:\/\/x.com\/ASOCIACIONAISE\",\"https:\/\/www.instagram.com\/aise_voluntariado\/\",\"https:\/\/www.linkedin.com\/in\/asociacion-aise-64a445147\/\"]},{\"@type\":\"Person\",\"@id\":\"https:\/\/www.asociacionaise.org\/#\/schema\/person\/70ffe441b355a3fc31f91ffa0e5645c0\",\"name\":\"Cristina Fern\u00e1ndez\",\"url\":\"https:\/\/www.asociacionaise.org\/index.php\/author\/cristina\/\"}]}<\/script>\n<!-- \/ Yoast SEO plugin. -->","yoast_head_json":{"title":"AISE organiza la Cena de Confraternizaci\u00f3n - AISE","robots":{"index":"index","follow":"follow","max-snippet":"max-snippet:-1","max-image-preview":"max-image-preview:large","max-video-preview":"max-video-preview:-1"},"canonical":"https:\/\/www.asociacionaise.org\/index.php\/aise-organiza-la-cena-de-confraternizacion\/","og_locale":"es_ES","og_type":"article","og_title":"AISE organiza la Cena de Confraternizaci\u00f3n - AISE","og_description":"AISE organiza una cena anual, este a\u00f1o ser\u00e1 el d\u00eda 7 de febrero con los voluntarios que participar\u00e1n en la 18\u00ba Campa\u00f1a en Ecuador 2020, bajo el lema \u201csaca al voluntario que llevas dentro\u201d. Los voluntarios que participar\u00e1n en dicha Campa\u00f1a tendr\u00e1n la oportunidad de conocerse y conocer a toda la plantilla en esta cena. [&hellip;]","og_url":"https:\/\/www.asociacionaise.org\/index.php\/aise-organiza-la-cena-de-confraternizacion\/","og_site_name":"AISE","article_publisher":"https:\/\/www.facebook.com\/AISEOrg\/","article_published_time":"2020-01-28T03:27:47+00:00","article_modified_time":"2020-02-24T10:02:04+00:00","og_image":[{"width":1280,"height":953,"url":"https:\/\/www.asociacionaise.org\/wp-content\/uploads\/2020\/01\/cena-18css.png","type":"image\/png"}],"author":"Cristina Fern\u00e1ndez","twitter_card":"summary_large_image","twitter_creator":"@ASOCIACIONAISE","twitter_site":"@ASOCIACIONAISE","twitter_misc":{"Escrito por":"Cristina Fern\u00e1ndez","Tiempo de lectura":"1 minuto"},"schema":{"@context":"https:\/\/schema.org","@graph":[{"@type":"Article","@id":"https:\/\/www.asociacionaise.org\/index.php\/aise-organiza-la-cena-de-confraternizacion\/#article","isPartOf":{"@id":"https:\/\/www.asociacionaise.org\/index.php\/aise-organiza-la-cena-de-confraternizacion\/"},"author":{"name":"Cristina Fern\u00e1ndez","@id":"https:\/\/www.asociacionaise.org\/#\/schema\/person\/70ffe441b355a3fc31f91ffa0e5645c0"},"headline":"AISE organiza la Cena de Confraternizaci\u00f3n","datePublished":"2020-01-28T03:27:47+00:00","dateModified":"2020-02-24T10:02:04+00:00","mainEntityOfPage":{"@id":"https:\/\/www.asociacionaise.org\/index.php\/aise-organiza-la-cena-de-confraternizacion\/"},"wordCount":145,"publisher":{"@id":"https:\/\/www.asociacionaise.org\/#organization"},"image":{"@id":"https:\/\/www.asociacionaise.org\/index.php\/aise-organiza-la-cena-de-confraternizacion\/#primaryimage"},"thumbnailUrl":"https:\/\/www.asociacionaise.org\/wp-content\/uploads\/2020\/01\/cena-18css.png","articleSection":["Uncategorized"],"inLanguage":"es"},{"@type":"WebPage","@id":"https:\/\/www.asociacionaise.org\/index.php\/aise-organiza-la-cena-de-confraternizacion\/","url":"https:\/\/www.asociacionaise.org\/index.php\/aise-organiza-la-cena-de-confraternizacion\/","name":"AISE organiza la Cena de Confraternizaci\u00f3n - AISE","isPartOf":{"@id":"https:\/\/www.asociacionaise.org\/#website"},"primaryImageOfPage":{"@id":"https:\/\/www.asociacionaise.org\/index.php\/aise-organiza-la-cena-de-confraternizacion\/#primaryimage"},"image":{"@id":"https:\/\/www.asociacionaise.org\/index.php\/aise-organiza-la-cena-de-confraternizacion\/#primaryimage"},"thumbnailUrl":"https:\/\/www.asociacionaise.org\/wp-content\/uploads\/2020\/01\/cena-18css.png","datePublished":"2020-01-28T03:27:47+00:00","dateModified":"2020-02-24T10:02:04+00:00","breadcrumb":{"@id":"https:\/\/www.asociacionaise.org\/index.php\/aise-organiza-la-cena-de-confraternizacion\/#breadcrumb"},"inLanguage":"es","potentialAction":[{"@type":"ReadAction","target":["https:\/\/www.asociacionaise.org\/index.php\/aise-organiza-la-cena-de-confraternizacion\/"]}]},{"@type":"ImageObject","inLanguage":"es","@id":"https:\/\/www.asociacionaise.org\/index.php\/aise-organiza-la-cena-de-confraternizacion\/#primaryimage","url":"https:\/\/www.asociacionaise.org\/wp-content\/uploads\/2020\/01\/cena-18css.png","contentUrl":"https:\/\/www.asociacionaise.org\/wp-content\/uploads\/2020\/01\/cena-18css.png","width":1280,"height":953},{"@type":"BreadcrumbList","@id":"https:\/\/www.asociacionaise.org\/index.php\/aise-organiza-la-cena-de-confraternizacion\/#breadcrumb","itemListElement":[{"@type":"ListItem","position":1,"name":"Portada","item":"https:\/\/www.asociacionaise.org\/"},{"@type":"ListItem","position":2,"name":"AISE organiza la Cena de Confraternizaci\u00f3n"}]},{"@type":"WebSite","@id":"https:\/\/www.asociacionaise.org\/#website","url":"https:\/\/www.asociacionaise.org\/","name":"AISE","description":"Asociaci\u00f3n Internacional de Sanitarios en Espa\u00f1a","publisher":{"@id":"https:\/\/www.asociacionaise.org\/#organization"},"potentialAction":[{"@type":"SearchAction","target":{"@type":"EntryPoint","urlTemplate":"https:\/\/www.asociacionaise.org\/?s={search_term_string}"},"query-input":{"@type":"PropertyValueSpecification","valueRequired":true,"valueName":"search_term_string"}}],"inLanguage":"es"},{"@type":"Organization","@id":"https:\/\/www.asociacionaise.org\/#organization","name":"Asociacion AISE","url":"https:\/\/www.asociacionaise.org\/","logo":{"@type":"ImageObject","inLanguage":"es","@id":"https:\/\/www.asociacionaise.org\/#\/schema\/logo\/image\/","url":"http:\/\/www.asociacionaise.org\/wp-content\/uploads\/2020\/02\/logo256.png","contentUrl":"http:\/\/www.asociacionaise.org\/wp-content\/uploads\/2020\/02\/logo256.png","width":256,"height":256,"caption":"Asociacion AISE"},"image":{"@id":"https:\/\/www.asociacionaise.org\/#\/schema\/logo\/image\/"},"sameAs":["https:\/\/www.facebook.com\/AISEOrg\/","https:\/\/x.com\/ASOCIACIONAISE","https:\/\/www.instagram.com\/aise_voluntariado\/","https:\/\/www.linkedin.com\/in\/asociacion-aise-64a445147\/"]},{"@type":"Person","@id":"https:\/\/www.asociacionaise.org\/#\/schema\/person\/70ffe441b355a3fc31f91ffa0e5645c0","name":"Cristina Fern\u00e1ndez","url":"https:\/\/www.asociacionaise.org\/index.php\/author\/cristina\/"}]}},"_links":{"self":[{"href":"https:\/\/www.asociacionaise.org\/index.php\/wp-json\/wp\/v2\/posts\/5161","targetHints":{"allow":["GET"]}}],"collection":[{"href":"https:\/\/www.asociacionaise.org\/index.php\/wp-json\/wp\/v2\/posts"}],"about":[{"href":"https:\/\/www.asociacionaise.org\/index.php\/wp-json\/wp\/v2\/types\/post"}],"author":[{"embeddable":true,"href":"https:\/\/www.asociacionaise.org\/index.php\/wp-json\/wp\/v2\/users\/5"}],"replies":[{"embeddable":true,"href":"https:\/\/www.asociacionaise.org\/index.php\/wp-json\/wp\/v2\/comments?post=5161"}],"version-history":[{"count":6,"href":"https:\/\/www.asociacionaise.org\/index.php\/wp-json\/wp\/v2\/posts\/5161\/revisions"}],"predecessor-version":[{"id":5214,"href":"https:\/\/www.asociacionaise.org\/index.php\/wp-json\/wp\/v2\/posts\/5161\/revisions\/5214"}],"wp:featuredmedia":[{"embeddable":true,"href":"https:\/\/www.asociacionaise.org\/index.php\/wp-json\/wp\/v2\/media\/5122"}],"wp:attachment":[{"href":"https:\/\/www.asociacionaise.org\/index.php\/wp-json\/wp\/v2\/media?parent=5161"}],"wp:term":[{"taxonomy":"category","embeddable":true,"href":"https:\/\/www.asociacionaise.org\/index.php\/wp-json\/wp\/v2\/categories?post=5161"},{"taxonomy":"post_tag","embeddable":true,"href":"https:\/\/www.asociacionaise.org\/index.php\/wp-json\/wp\/v2\/tags?post=5161"}],"curies":[{"name":"wp","href":"https:\/\/api.w.org\/{rel}","templated":true}]}}