{"id":4163,"date":"2018-07-04T04:13:09","date_gmt":"2018-07-04T04:13:09","guid":{"rendered":"http:\/\/www.asociacionaise.org\/?p=4163"},"modified":"2018-07-04T04:13:09","modified_gmt":"2018-07-04T04:13:09","slug":"empezamos-la-campana-socio-sanitaria-de-julio","status":"publish","type":"post","link":"https:\/\/www.asociacionaise.org\/index.php\/empezamos-la-campana-socio-sanitaria-de-julio\/","title":{"rendered":"\u00a1\u00a1EMPEZAMOS LA CAMPA\u00d1A SOCIO-SANITARIA DE JULIO!!"},"content":{"rendered":"<p><img loading=\"lazy\" decoding=\"async\" class=\"size-medium wp-image-4165 alignleft\" src=\"https:\/\/www.asociacionaise.org\/wp-content\/uploads\/2018\/07\/IMG-20180322-WA0009-300x225.jpg\" alt=\"\" width=\"300\" height=\"225\" srcset=\"https:\/\/www.asociacionaise.org\/wp-content\/uploads\/2018\/07\/IMG-20180322-WA0009-300x225.jpg 300w, https:\/\/www.asociacionaise.org\/wp-content\/uploads\/2018\/07\/IMG-20180322-WA0009-768x576.jpg 768w, https:\/\/www.asociacionaise.org\/wp-content\/uploads\/2018\/07\/IMG-20180322-WA0009-1024x768.jpg 1024w, https:\/\/www.asociacionaise.org\/wp-content\/uploads\/2018\/07\/IMG-20180322-WA0009.jpg 1040w\" sizes=\"auto, (max-width: 300px) 100vw, 300px\" \/>\u00a1Este verano nos espera mucho trabajo!<\/p>\n<p>El equipo de AISE junto con el CD AISE-Almeda ha preparado una Campa\u00f1a Socio-Sanitaria durante todo el mes de julio, en la cual dos medicos, una fisio y una estudiante de medicina visitar\u00e1n las poblaciones rurales m\u00e1s desfavorecidas de Quevedo, Buena Fe, Mocache y Echeandia, entre otras.<\/p>\n<p>Esta todo listo, las responsables en Ecuador, Katty Bailon y Amelia Ochoa, estan dedicando todos sus esfuerzos para que se puedan beneficiar de la Campa\u00f1a el mayor numero de personas. En ella se ofreceran sesiones de prevenci\u00f3n y promoci\u00f3n de la salud y asistencia medica y rehabilitadora individual y tratamientos farmacol\u00f3gicos necesarios.<\/p>\n<p>Si quieres participar, a\u00fan hay plazas en el equipo de octubre, \u00a1ap\u00fantate!<\/p>\n<p>&nbsp;<\/p>\n","protected":false},"excerpt":{"rendered":"<p>\u00a1Este verano nos espera mucho trabajo! El equipo de AISE junto con el CD AISE-Almeda ha preparado una Campa\u00f1a Socio-Sanitaria durante todo el mes de julio, en la cual dos medicos, una fisio y una estudiante de medicina visitar\u00e1n las poblaciones rurales m\u00e1s desfavorecidas de Quevedo, Buena Fe, Mocache y Echeandia, entre otras. Esta todo [&hellip;]<\/p>\n","protected":false},"author":5,"featured_media":4164,"comment_status":"closed","ping_status":"closed","sticky":false,"template":"","format":"standard","meta":{"footnotes":""},"categories":[1],"tags":[],"class_list":["post-4163","post","type-post","status-publish","format-standard","has-post-thumbnail","hentry","category-uncategorized"],"yoast_head":"<!-- This site is optimized with the Yoast SEO plugin v24.9 - https:\/\/yoast.com\/wordpress\/plugins\/seo\/ -->\n<title>\u00a1\u00a1EMPEZAMOS LA CAMPA\u00d1A SOCIO-SANITARIA DE JULIO!! - AISE<\/title>\n<meta name=\"robots\" content=\"index, follow, max-snippet:-1, max-image-preview:large, max-video-preview:-1\" \/>\n<link rel=\"canonical\" href=\"https:\/\/www.asociacionaise.org\/index.php\/empezamos-la-campana-socio-sanitaria-de-julio\/\" \/>\n<meta property=\"og:locale\" content=\"es_ES\" \/>\n<meta property=\"og:type\" content=\"article\" \/>\n<meta property=\"og:title\" content=\"\u00a1\u00a1EMPEZAMOS LA CAMPA\u00d1A SOCIO-SANITARIA DE JULIO!! - AISE\" \/>\n<meta property=\"og:description\" content=\"\u00a1Este verano nos espera mucho trabajo! El equipo de AISE junto con el CD AISE-Almeda ha preparado una Campa\u00f1a Socio-Sanitaria durante todo el mes de julio, en la cual dos medicos, una fisio y una estudiante de medicina visitar\u00e1n las poblaciones rurales m\u00e1s desfavorecidas de Quevedo, Buena Fe, Mocache y Echeandia, entre otras. Esta todo [&hellip;]\" \/>\n<meta property=\"og:url\" content=\"https:\/\/www.asociacionaise.org\/index.php\/empezamos-la-campana-socio-sanitaria-de-julio\/\" \/>\n<meta property=\"og:site_name\" content=\"AISE\" \/>\n<meta property=\"article:publisher\" content=\"https:\/\/www.facebook.com\/AISEOrg\/\" \/>\n<meta property=\"article:published_time\" content=\"2018-07-04T04:13:09+00:00\" \/>\n<meta property=\"og:image\" content=\"https:\/\/www.asociacionaise.org\/wp-content\/uploads\/2018\/07\/IMG-20180225-WA0002.jpg\" \/>\n\t<meta property=\"og:image:width\" content=\"1600\" \/>\n\t<meta property=\"og:image:height\" content=\"1200\" \/>\n\t<meta property=\"og:image:type\" content=\"image\/jpeg\" \/>\n<meta name=\"author\" content=\"Cristina Fern\u00e1ndez\" \/>\n<meta name=\"twitter:card\" content=\"summary_large_image\" \/>\n<meta name=\"twitter:creator\" content=\"@ASOCIACIONAISE\" \/>\n<meta name=\"twitter:site\" content=\"@ASOCIACIONAISE\" \/>\n<meta name=\"twitter:label1\" content=\"Escrito por\" \/>\n\t<meta name=\"twitter:data1\" content=\"Cristina Fern\u00e1ndez\" \/>\n\t<meta name=\"twitter:label2\" content=\"Tiempo de lectura\" \/>\n\t<meta name=\"twitter:data2\" content=\"1 minuto\" \/>\n<script type=\"application\/ld+json\" class=\"yoast-schema-graph\">{\"@context\":\"https:\/\/schema.org\",\"@graph\":[{\"@type\":\"Article\",\"@id\":\"https:\/\/www.asociacionaise.org\/index.php\/empezamos-la-campana-socio-sanitaria-de-julio\/#article\",\"isPartOf\":{\"@id\":\"https:\/\/www.asociacionaise.org\/index.php\/empezamos-la-campana-socio-sanitaria-de-julio\/\"},\"author\":{\"name\":\"Cristina Fern\u00e1ndez\",\"@id\":\"https:\/\/www.asociacionaise.org\/#\/schema\/person\/70ffe441b355a3fc31f91ffa0e5645c0\"},\"headline\":\"\u00a1\u00a1EMPEZAMOS LA CAMPA\u00d1A SOCIO-SANITARIA DE JULIO!!\",\"datePublished\":\"2018-07-04T04:13:09+00:00\",\"mainEntityOfPage\":{\"@id\":\"https:\/\/www.asociacionaise.org\/index.php\/empezamos-la-campana-socio-sanitaria-de-julio\/\"},\"wordCount\":134,\"publisher\":{\"@id\":\"https:\/\/www.asociacionaise.org\/#organization\"},\"image\":{\"@id\":\"https:\/\/www.asociacionaise.org\/index.php\/empezamos-la-campana-socio-sanitaria-de-julio\/#primaryimage\"},\"thumbnailUrl\":\"https:\/\/www.asociacionaise.org\/wp-content\/uploads\/2018\/07\/IMG-20180225-WA0002.jpg\",\"articleSection\":[\"Uncategorized\"],\"inLanguage\":\"es\"},{\"@type\":\"WebPage\",\"@id\":\"https:\/\/www.asociacionaise.org\/index.php\/empezamos-la-campana-socio-sanitaria-de-julio\/\",\"url\":\"https:\/\/www.asociacionaise.org\/index.php\/empezamos-la-campana-socio-sanitaria-de-julio\/\",\"name\":\"\u00a1\u00a1EMPEZAMOS LA CAMPA\u00d1A SOCIO-SANITARIA DE JULIO!! - AISE\",\"isPartOf\":{\"@id\":\"https:\/\/www.asociacionaise.org\/#website\"},\"primaryImageOfPage\":{\"@id\":\"https:\/\/www.asociacionaise.org\/index.php\/empezamos-la-campana-socio-sanitaria-de-julio\/#primaryimage\"},\"image\":{\"@id\":\"https:\/\/www.asociacionaise.org\/index.php\/empezamos-la-campana-socio-sanitaria-de-julio\/#primaryimage\"},\"thumbnailUrl\":\"https:\/\/www.asociacionaise.org\/wp-content\/uploads\/2018\/07\/IMG-20180225-WA0002.jpg\",\"datePublished\":\"2018-07-04T04:13:09+00:00\",\"breadcrumb\":{\"@id\":\"https:\/\/www.asociacionaise.org\/index.php\/empezamos-la-campana-socio-sanitaria-de-julio\/#breadcrumb\"},\"inLanguage\":\"es\",\"potentialAction\":[{\"@type\":\"ReadAction\",\"target\":[\"https:\/\/www.asociacionaise.org\/index.php\/empezamos-la-campana-socio-sanitaria-de-julio\/\"]}]},{\"@type\":\"ImageObject\",\"inLanguage\":\"es\",\"@id\":\"https:\/\/www.asociacionaise.org\/index.php\/empezamos-la-campana-socio-sanitaria-de-julio\/#primaryimage\",\"url\":\"https:\/\/www.asociacionaise.org\/wp-content\/uploads\/2018\/07\/IMG-20180225-WA0002.jpg\",\"contentUrl\":\"https:\/\/www.asociacionaise.org\/wp-content\/uploads\/2018\/07\/IMG-20180225-WA0002.jpg\",\"width\":1600,\"height\":1200},{\"@type\":\"BreadcrumbList\",\"@id\":\"https:\/\/www.asociacionaise.org\/index.php\/empezamos-la-campana-socio-sanitaria-de-julio\/#breadcrumb\",\"itemListElement\":[{\"@type\":\"ListItem\",\"position\":1,\"name\":\"Portada\",\"item\":\"https:\/\/www.asociacionaise.org\/\"},{\"@type\":\"ListItem\",\"position\":2,\"name\":\"\u00a1\u00a1EMPEZAMOS LA CAMPA\u00d1A SOCIO-SANITARIA DE JULIO!!\"}]},{\"@type\":\"WebSite\",\"@id\":\"https:\/\/www.asociacionaise.org\/#website\",\"url\":\"https:\/\/www.asociacionaise.org\/\",\"name\":\"AISE\",\"description\":\"Asociaci\u00f3n Internacional de Sanitarios en Espa\u00f1a\",\"publisher\":{\"@id\":\"https:\/\/www.asociacionaise.org\/#organization\"},\"potentialAction\":[{\"@type\":\"SearchAction\",\"target\":{\"@type\":\"EntryPoint\",\"urlTemplate\":\"https:\/\/www.asociacionaise.org\/?s={search_term_string}\"},\"query-input\":{\"@type\":\"PropertyValueSpecification\",\"valueRequired\":true,\"valueName\":\"search_term_string\"}}],\"inLanguage\":\"es\"},{\"@type\":\"Organization\",\"@id\":\"https:\/\/www.asociacionaise.org\/#organization\",\"name\":\"Asociacion AISE\",\"url\":\"https:\/\/www.asociacionaise.org\/\",\"logo\":{\"@type\":\"ImageObject\",\"inLanguage\":\"es\",\"@id\":\"https:\/\/www.asociacionaise.org\/#\/schema\/logo\/image\/\",\"url\":\"http:\/\/www.asociacionaise.org\/wp-content\/uploads\/2020\/02\/logo256.png\",\"contentUrl\":\"http:\/\/www.asociacionaise.org\/wp-content\/uploads\/2020\/02\/logo256.png\",\"width\":256,\"height\":256,\"caption\":\"Asociacion AISE\"},\"image\":{\"@id\":\"https:\/\/www.asociacionaise.org\/#\/schema\/logo\/image\/\"},\"sameAs\":[\"https:\/\/www.facebook.com\/AISEOrg\/\",\"https:\/\/x.com\/ASOCIACIONAISE\",\"https:\/\/www.instagram.com\/aise_voluntariado\/\",\"https:\/\/www.linkedin.com\/in\/asociacion-aise-64a445147\/\"]},{\"@type\":\"Person\",\"@id\":\"https:\/\/www.asociacionaise.org\/#\/schema\/person\/70ffe441b355a3fc31f91ffa0e5645c0\",\"name\":\"Cristina Fern\u00e1ndez\",\"url\":\"https:\/\/www.asociacionaise.org\/index.php\/author\/cristina\/\"}]}<\/script>\n<!-- \/ Yoast SEO plugin. -->","yoast_head_json":{"title":"\u00a1\u00a1EMPEZAMOS LA CAMPA\u00d1A SOCIO-SANITARIA DE JULIO!! - AISE","robots":{"index":"index","follow":"follow","max-snippet":"max-snippet:-1","max-image-preview":"max-image-preview:large","max-video-preview":"max-video-preview:-1"},"canonical":"https:\/\/www.asociacionaise.org\/index.php\/empezamos-la-campana-socio-sanitaria-de-julio\/","og_locale":"es_ES","og_type":"article","og_title":"\u00a1\u00a1EMPEZAMOS LA CAMPA\u00d1A SOCIO-SANITARIA DE JULIO!! - AISE","og_description":"\u00a1Este verano nos espera mucho trabajo! El equipo de AISE junto con el CD AISE-Almeda ha preparado una Campa\u00f1a Socio-Sanitaria durante todo el mes de julio, en la cual dos medicos, una fisio y una estudiante de medicina visitar\u00e1n las poblaciones rurales m\u00e1s desfavorecidas de Quevedo, Buena Fe, Mocache y Echeandia, entre otras. Esta todo [&hellip;]","og_url":"https:\/\/www.asociacionaise.org\/index.php\/empezamos-la-campana-socio-sanitaria-de-julio\/","og_site_name":"AISE","article_publisher":"https:\/\/www.facebook.com\/AISEOrg\/","article_published_time":"2018-07-04T04:13:09+00:00","og_image":[{"width":1600,"height":1200,"url":"https:\/\/www.asociacionaise.org\/wp-content\/uploads\/2018\/07\/IMG-20180225-WA0002.jpg","type":"image\/jpeg"}],"author":"Cristina Fern\u00e1ndez","twitter_card":"summary_large_image","twitter_creator":"@ASOCIACIONAISE","twitter_site":"@ASOCIACIONAISE","twitter_misc":{"Escrito por":"Cristina Fern\u00e1ndez","Tiempo de lectura":"1 minuto"},"schema":{"@context":"https:\/\/schema.org","@graph":[{"@type":"Article","@id":"https:\/\/www.asociacionaise.org\/index.php\/empezamos-la-campana-socio-sanitaria-de-julio\/#article","isPartOf":{"@id":"https:\/\/www.asociacionaise.org\/index.php\/empezamos-la-campana-socio-sanitaria-de-julio\/"},"author":{"name":"Cristina Fern\u00e1ndez","@id":"https:\/\/www.asociacionaise.org\/#\/schema\/person\/70ffe441b355a3fc31f91ffa0e5645c0"},"headline":"\u00a1\u00a1EMPEZAMOS LA CAMPA\u00d1A SOCIO-SANITARIA DE JULIO!!","datePublished":"2018-07-04T04:13:09+00:00","mainEntityOfPage":{"@id":"https:\/\/www.asociacionaise.org\/index.php\/empezamos-la-campana-socio-sanitaria-de-julio\/"},"wordCount":134,"publisher":{"@id":"https:\/\/www.asociacionaise.org\/#organization"},"image":{"@id":"https:\/\/www.asociacionaise.org\/index.php\/empezamos-la-campana-socio-sanitaria-de-julio\/#primaryimage"},"thumbnailUrl":"https:\/\/www.asociacionaise.org\/wp-content\/uploads\/2018\/07\/IMG-20180225-WA0002.jpg","articleSection":["Uncategorized"],"inLanguage":"es"},{"@type":"WebPage","@id":"https:\/\/www.asociacionaise.org\/index.php\/empezamos-la-campana-socio-sanitaria-de-julio\/","url":"https:\/\/www.asociacionaise.org\/index.php\/empezamos-la-campana-socio-sanitaria-de-julio\/","name":"\u00a1\u00a1EMPEZAMOS LA CAMPA\u00d1A SOCIO-SANITARIA DE JULIO!! - AISE","isPartOf":{"@id":"https:\/\/www.asociacionaise.org\/#website"},"primaryImageOfPage":{"@id":"https:\/\/www.asociacionaise.org\/index.php\/empezamos-la-campana-socio-sanitaria-de-julio\/#primaryimage"},"image":{"@id":"https:\/\/www.asociacionaise.org\/index.php\/empezamos-la-campana-socio-sanitaria-de-julio\/#primaryimage"},"thumbnailUrl":"https:\/\/www.asociacionaise.org\/wp-content\/uploads\/2018\/07\/IMG-20180225-WA0002.jpg","datePublished":"2018-07-04T04:13:09+00:00","breadcrumb":{"@id":"https:\/\/www.asociacionaise.org\/index.php\/empezamos-la-campana-socio-sanitaria-de-julio\/#breadcrumb"},"inLanguage":"es","potentialAction":[{"@type":"ReadAction","target":["https:\/\/www.asociacionaise.org\/index.php\/empezamos-la-campana-socio-sanitaria-de-julio\/"]}]},{"@type":"ImageObject","inLanguage":"es","@id":"https:\/\/www.asociacionaise.org\/index.php\/empezamos-la-campana-socio-sanitaria-de-julio\/#primaryimage","url":"https:\/\/www.asociacionaise.org\/wp-content\/uploads\/2018\/07\/IMG-20180225-WA0002.jpg","contentUrl":"https:\/\/www.asociacionaise.org\/wp-content\/uploads\/2018\/07\/IMG-20180225-WA0002.jpg","width":1600,"height":1200},{"@type":"BreadcrumbList","@id":"https:\/\/www.asociacionaise.org\/index.php\/empezamos-la-campana-socio-sanitaria-de-julio\/#breadcrumb","itemListElement":[{"@type":"ListItem","position":1,"name":"Portada","item":"https:\/\/www.asociacionaise.org\/"},{"@type":"ListItem","position":2,"name":"\u00a1\u00a1EMPEZAMOS LA CAMPA\u00d1A SOCIO-SANITARIA DE JULIO!!"}]},{"@type":"WebSite","@id":"https:\/\/www.asociacionaise.org\/#website","url":"https:\/\/www.asociacionaise.org\/","name":"AISE","description":"Asociaci\u00f3n Internacional de Sanitarios en Espa\u00f1a","publisher":{"@id":"https:\/\/www.asociacionaise.org\/#organization"},"potentialAction":[{"@type":"SearchAction","target":{"@type":"EntryPoint","urlTemplate":"https:\/\/www.asociacionaise.org\/?s={search_term_string}"},"query-input":{"@type":"PropertyValueSpecification","valueRequired":true,"valueName":"search_term_string"}}],"inLanguage":"es"},{"@type":"Organization","@id":"https:\/\/www.asociacionaise.org\/#organization","name":"Asociacion AISE","url":"https:\/\/www.asociacionaise.org\/","logo":{"@type":"ImageObject","inLanguage":"es","@id":"https:\/\/www.asociacionaise.org\/#\/schema\/logo\/image\/","url":"http:\/\/www.asociacionaise.org\/wp-content\/uploads\/2020\/02\/logo256.png","contentUrl":"http:\/\/www.asociacionaise.org\/wp-content\/uploads\/2020\/02\/logo256.png","width":256,"height":256,"caption":"Asociacion AISE"},"image":{"@id":"https:\/\/www.asociacionaise.org\/#\/schema\/logo\/image\/"},"sameAs":["https:\/\/www.facebook.com\/AISEOrg\/","https:\/\/x.com\/ASOCIACIONAISE","https:\/\/www.instagram.com\/aise_voluntariado\/","https:\/\/www.linkedin.com\/in\/asociacion-aise-64a445147\/"]},{"@type":"Person","@id":"https:\/\/www.asociacionaise.org\/#\/schema\/person\/70ffe441b355a3fc31f91ffa0e5645c0","name":"Cristina Fern\u00e1ndez","url":"https:\/\/www.asociacionaise.org\/index.php\/author\/cristina\/"}]}},"_links":{"self":[{"href":"https:\/\/www.asociacionaise.org\/index.php\/wp-json\/wp\/v2\/posts\/4163","targetHints":{"allow":["GET"]}}],"collection":[{"href":"https:\/\/www.asociacionaise.org\/index.php\/wp-json\/wp\/v2\/posts"}],"about":[{"href":"https:\/\/www.asociacionaise.org\/index.php\/wp-json\/wp\/v2\/types\/post"}],"author":[{"embeddable":true,"href":"https:\/\/www.asociacionaise.org\/index.php\/wp-json\/wp\/v2\/users\/5"}],"replies":[{"embeddable":true,"href":"https:\/\/www.asociacionaise.org\/index.php\/wp-json\/wp\/v2\/comments?post=4163"}],"version-history":[{"count":2,"href":"https:\/\/www.asociacionaise.org\/index.php\/wp-json\/wp\/v2\/posts\/4163\/revisions"}],"predecessor-version":[{"id":4167,"href":"https:\/\/www.asociacionaise.org\/index.php\/wp-json\/wp\/v2\/posts\/4163\/revisions\/4167"}],"wp:featuredmedia":[{"embeddable":true,"href":"https:\/\/www.asociacionaise.org\/index.php\/wp-json\/wp\/v2\/media\/4164"}],"wp:attachment":[{"href":"https:\/\/www.asociacionaise.org\/index.php\/wp-json\/wp\/v2\/media?parent=4163"}],"wp:term":[{"taxonomy":"category","embeddable":true,"href":"https:\/\/www.asociacionaise.org\/index.php\/wp-json\/wp\/v2\/categories?post=4163"},{"taxonomy":"post_tag","embeddable":true,"href":"https:\/\/www.asociacionaise.org\/index.php\/wp-json\/wp\/v2\/tags?post=4163"}],"curies":[{"name":"wp","href":"https:\/\/api.w.org\/{rel}","templated":true}]}}