{"id":4098,"date":"2018-04-23T03:24:54","date_gmt":"2018-04-23T03:24:54","guid":{"rendered":"http:\/\/www.asociacionaise.org\/?p=4098"},"modified":"2018-04-23T03:24:54","modified_gmt":"2018-04-23T03:24:54","slug":"feliz-dia-de-sant-jordi","status":"publish","type":"post","link":"https:\/\/www.asociacionaise.org\/index.php\/feliz-dia-de-sant-jordi\/","title":{"rendered":"\u00a1FELIZ DIA DE SANT JORDI!"},"content":{"rendered":"<p><img loading=\"lazy\" decoding=\"async\" class=\"size-medium wp-image-4099 alignright\" src=\"https:\/\/www.asociacionaise.org\/wp-content\/uploads\/2018\/04\/Presentaci\u00f3n1-300x225.jpg\" alt=\"\" width=\"300\" height=\"225\" srcset=\"https:\/\/www.asociacionaise.org\/wp-content\/uploads\/2018\/04\/Presentaci\u00f3n1-300x225.jpg 300w, https:\/\/www.asociacionaise.org\/wp-content\/uploads\/2018\/04\/Presentaci\u00f3n1-768x576.jpg 768w, https:\/\/www.asociacionaise.org\/wp-content\/uploads\/2018\/04\/Presentaci\u00f3n1.jpg 960w\" sizes=\"auto, (max-width: 300px) 100vw, 300px\" \/>Para Catalu\u00f1a, donde tenemos la sede, hoy es un d\u00eda muy especial. Se celebra el d\u00eda de Sant Jordi, donde las rosas tienen un papel relevante.<\/p>\n<p>Por este motivo, durante todo el d\u00eda de hoy los alumnos del IESE Business School y AISE os esperamos en nuestra parada de rosas \u00a0delante de la Universidad en la Calle Pearson 21 de Barcelona.<\/p>\n<p>Todas las ventas se destinar\u00e1n a los proyectos sanitarios y deportivos que AISE gestiona en Ecuador.<\/p>\n<p>\u00a1Regala rosas, regalar\u00e1s ayuda!<\/p>\n","protected":false},"excerpt":{"rendered":"<p>Para Catalu\u00f1a, donde tenemos la sede, hoy es un d\u00eda muy especial. Se celebra el d\u00eda de Sant Jordi, donde las rosas tienen un papel relevante. Por este motivo, durante todo el d\u00eda de hoy los alumnos del IESE Business School y AISE os esperamos en nuestra parada de rosas \u00a0delante de la Universidad en [&hellip;]<\/p>\n","protected":false},"author":5,"featured_media":4099,"comment_status":"closed","ping_status":"closed","sticky":false,"template":"","format":"standard","meta":{"footnotes":""},"categories":[1],"tags":[],"class_list":["post-4098","post","type-post","status-publish","format-standard","has-post-thumbnail","hentry","category-uncategorized"],"yoast_head":"<!-- This site is optimized with the Yoast SEO plugin v24.9 - https:\/\/yoast.com\/wordpress\/plugins\/seo\/ -->\n<title>\u00a1FELIZ DIA DE SANT JORDI! - AISE<\/title>\n<meta name=\"robots\" content=\"index, follow, max-snippet:-1, max-image-preview:large, max-video-preview:-1\" \/>\n<link rel=\"canonical\" href=\"https:\/\/www.asociacionaise.org\/index.php\/feliz-dia-de-sant-jordi\/\" \/>\n<meta property=\"og:locale\" content=\"es_ES\" \/>\n<meta property=\"og:type\" content=\"article\" \/>\n<meta property=\"og:title\" content=\"\u00a1FELIZ DIA DE SANT JORDI! - AISE\" \/>\n<meta property=\"og:description\" content=\"Para Catalu\u00f1a, donde tenemos la sede, hoy es un d\u00eda muy especial. Se celebra el d\u00eda de Sant Jordi, donde las rosas tienen un papel relevante. Por este motivo, durante todo el d\u00eda de hoy los alumnos del IESE Business School y AISE os esperamos en nuestra parada de rosas \u00a0delante de la Universidad en [&hellip;]\" \/>\n<meta property=\"og:url\" content=\"https:\/\/www.asociacionaise.org\/index.php\/feliz-dia-de-sant-jordi\/\" \/>\n<meta property=\"og:site_name\" content=\"AISE\" \/>\n<meta property=\"article:publisher\" content=\"https:\/\/www.facebook.com\/AISEOrg\/\" \/>\n<meta property=\"article:published_time\" content=\"2018-04-23T03:24:54+00:00\" \/>\n<meta property=\"og:image\" content=\"https:\/\/www.asociacionaise.org\/wp-content\/uploads\/2018\/04\/Presentaci\u00f3n1.jpg\" \/>\n\t<meta property=\"og:image:width\" content=\"960\" \/>\n\t<meta property=\"og:image:height\" content=\"720\" \/>\n\t<meta property=\"og:image:type\" content=\"image\/jpeg\" \/>\n<meta name=\"author\" content=\"Cristina Fern\u00e1ndez\" \/>\n<meta name=\"twitter:card\" content=\"summary_large_image\" \/>\n<meta name=\"twitter:creator\" content=\"@ASOCIACIONAISE\" \/>\n<meta name=\"twitter:site\" content=\"@ASOCIACIONAISE\" \/>\n<meta name=\"twitter:label1\" content=\"Escrito por\" \/>\n\t<meta name=\"twitter:data1\" content=\"Cristina Fern\u00e1ndez\" \/>\n<script type=\"application\/ld+json\" class=\"yoast-schema-graph\">{\"@context\":\"https:\/\/schema.org\",\"@graph\":[{\"@type\":\"Article\",\"@id\":\"https:\/\/www.asociacionaise.org\/index.php\/feliz-dia-de-sant-jordi\/#article\",\"isPartOf\":{\"@id\":\"https:\/\/www.asociacionaise.org\/index.php\/feliz-dia-de-sant-jordi\/\"},\"author\":{\"name\":\"Cristina Fern\u00e1ndez\",\"@id\":\"https:\/\/www.asociacionaise.org\/#\/schema\/person\/70ffe441b355a3fc31f91ffa0e5645c0\"},\"headline\":\"\u00a1FELIZ DIA DE SANT JORDI!\",\"datePublished\":\"2018-04-23T03:24:54+00:00\",\"mainEntityOfPage\":{\"@id\":\"https:\/\/www.asociacionaise.org\/index.php\/feliz-dia-de-sant-jordi\/\"},\"wordCount\":91,\"publisher\":{\"@id\":\"https:\/\/www.asociacionaise.org\/#organization\"},\"image\":{\"@id\":\"https:\/\/www.asociacionaise.org\/index.php\/feliz-dia-de-sant-jordi\/#primaryimage\"},\"thumbnailUrl\":\"https:\/\/www.asociacionaise.org\/wp-content\/uploads\/2018\/04\/Presentaci\u00f3n1.jpg\",\"articleSection\":[\"Uncategorized\"],\"inLanguage\":\"es\"},{\"@type\":\"WebPage\",\"@id\":\"https:\/\/www.asociacionaise.org\/index.php\/feliz-dia-de-sant-jordi\/\",\"url\":\"https:\/\/www.asociacionaise.org\/index.php\/feliz-dia-de-sant-jordi\/\",\"name\":\"\u00a1FELIZ DIA DE SANT JORDI! - AISE\",\"isPartOf\":{\"@id\":\"https:\/\/www.asociacionaise.org\/#website\"},\"primaryImageOfPage\":{\"@id\":\"https:\/\/www.asociacionaise.org\/index.php\/feliz-dia-de-sant-jordi\/#primaryimage\"},\"image\":{\"@id\":\"https:\/\/www.asociacionaise.org\/index.php\/feliz-dia-de-sant-jordi\/#primaryimage\"},\"thumbnailUrl\":\"https:\/\/www.asociacionaise.org\/wp-content\/uploads\/2018\/04\/Presentaci\u00f3n1.jpg\",\"datePublished\":\"2018-04-23T03:24:54+00:00\",\"breadcrumb\":{\"@id\":\"https:\/\/www.asociacionaise.org\/index.php\/feliz-dia-de-sant-jordi\/#breadcrumb\"},\"inLanguage\":\"es\",\"potentialAction\":[{\"@type\":\"ReadAction\",\"target\":[\"https:\/\/www.asociacionaise.org\/index.php\/feliz-dia-de-sant-jordi\/\"]}]},{\"@type\":\"ImageObject\",\"inLanguage\":\"es\",\"@id\":\"https:\/\/www.asociacionaise.org\/index.php\/feliz-dia-de-sant-jordi\/#primaryimage\",\"url\":\"https:\/\/www.asociacionaise.org\/wp-content\/uploads\/2018\/04\/Presentaci\u00f3n1.jpg\",\"contentUrl\":\"https:\/\/www.asociacionaise.org\/wp-content\/uploads\/2018\/04\/Presentaci\u00f3n1.jpg\",\"width\":960,\"height\":720},{\"@type\":\"BreadcrumbList\",\"@id\":\"https:\/\/www.asociacionaise.org\/index.php\/feliz-dia-de-sant-jordi\/#breadcrumb\",\"itemListElement\":[{\"@type\":\"ListItem\",\"position\":1,\"name\":\"Portada\",\"item\":\"https:\/\/www.asociacionaise.org\/\"},{\"@type\":\"ListItem\",\"position\":2,\"name\":\"\u00a1FELIZ DIA DE SANT JORDI!\"}]},{\"@type\":\"WebSite\",\"@id\":\"https:\/\/www.asociacionaise.org\/#website\",\"url\":\"https:\/\/www.asociacionaise.org\/\",\"name\":\"AISE\",\"description\":\"Asociaci\u00f3n Internacional de Sanitarios en Espa\u00f1a\",\"publisher\":{\"@id\":\"https:\/\/www.asociacionaise.org\/#organization\"},\"potentialAction\":[{\"@type\":\"SearchAction\",\"target\":{\"@type\":\"EntryPoint\",\"urlTemplate\":\"https:\/\/www.asociacionaise.org\/?s={search_term_string}\"},\"query-input\":{\"@type\":\"PropertyValueSpecification\",\"valueRequired\":true,\"valueName\":\"search_term_string\"}}],\"inLanguage\":\"es\"},{\"@type\":\"Organization\",\"@id\":\"https:\/\/www.asociacionaise.org\/#organization\",\"name\":\"Asociacion AISE\",\"url\":\"https:\/\/www.asociacionaise.org\/\",\"logo\":{\"@type\":\"ImageObject\",\"inLanguage\":\"es\",\"@id\":\"https:\/\/www.asociacionaise.org\/#\/schema\/logo\/image\/\",\"url\":\"http:\/\/www.asociacionaise.org\/wp-content\/uploads\/2020\/02\/logo256.png\",\"contentUrl\":\"http:\/\/www.asociacionaise.org\/wp-content\/uploads\/2020\/02\/logo256.png\",\"width\":256,\"height\":256,\"caption\":\"Asociacion AISE\"},\"image\":{\"@id\":\"https:\/\/www.asociacionaise.org\/#\/schema\/logo\/image\/\"},\"sameAs\":[\"https:\/\/www.facebook.com\/AISEOrg\/\",\"https:\/\/x.com\/ASOCIACIONAISE\",\"https:\/\/www.instagram.com\/aise_voluntariado\/\",\"https:\/\/www.linkedin.com\/in\/asociacion-aise-64a445147\/\"]},{\"@type\":\"Person\",\"@id\":\"https:\/\/www.asociacionaise.org\/#\/schema\/person\/70ffe441b355a3fc31f91ffa0e5645c0\",\"name\":\"Cristina Fern\u00e1ndez\",\"url\":\"https:\/\/www.asociacionaise.org\/index.php\/author\/cristina\/\"}]}<\/script>\n<!-- \/ Yoast SEO plugin. -->","yoast_head_json":{"title":"\u00a1FELIZ DIA DE SANT JORDI! - AISE","robots":{"index":"index","follow":"follow","max-snippet":"max-snippet:-1","max-image-preview":"max-image-preview:large","max-video-preview":"max-video-preview:-1"},"canonical":"https:\/\/www.asociacionaise.org\/index.php\/feliz-dia-de-sant-jordi\/","og_locale":"es_ES","og_type":"article","og_title":"\u00a1FELIZ DIA DE SANT JORDI! - AISE","og_description":"Para Catalu\u00f1a, donde tenemos la sede, hoy es un d\u00eda muy especial. Se celebra el d\u00eda de Sant Jordi, donde las rosas tienen un papel relevante. Por este motivo, durante todo el d\u00eda de hoy los alumnos del IESE Business School y AISE os esperamos en nuestra parada de rosas \u00a0delante de la Universidad en [&hellip;]","og_url":"https:\/\/www.asociacionaise.org\/index.php\/feliz-dia-de-sant-jordi\/","og_site_name":"AISE","article_publisher":"https:\/\/www.facebook.com\/AISEOrg\/","article_published_time":"2018-04-23T03:24:54+00:00","og_image":[{"width":960,"height":720,"url":"https:\/\/www.asociacionaise.org\/wp-content\/uploads\/2018\/04\/Presentaci\u00f3n1.jpg","type":"image\/jpeg"}],"author":"Cristina Fern\u00e1ndez","twitter_card":"summary_large_image","twitter_creator":"@ASOCIACIONAISE","twitter_site":"@ASOCIACIONAISE","twitter_misc":{"Escrito por":"Cristina Fern\u00e1ndez"},"schema":{"@context":"https:\/\/schema.org","@graph":[{"@type":"Article","@id":"https:\/\/www.asociacionaise.org\/index.php\/feliz-dia-de-sant-jordi\/#article","isPartOf":{"@id":"https:\/\/www.asociacionaise.org\/index.php\/feliz-dia-de-sant-jordi\/"},"author":{"name":"Cristina Fern\u00e1ndez","@id":"https:\/\/www.asociacionaise.org\/#\/schema\/person\/70ffe441b355a3fc31f91ffa0e5645c0"},"headline":"\u00a1FELIZ DIA DE SANT JORDI!","datePublished":"2018-04-23T03:24:54+00:00","mainEntityOfPage":{"@id":"https:\/\/www.asociacionaise.org\/index.php\/feliz-dia-de-sant-jordi\/"},"wordCount":91,"publisher":{"@id":"https:\/\/www.asociacionaise.org\/#organization"},"image":{"@id":"https:\/\/www.asociacionaise.org\/index.php\/feliz-dia-de-sant-jordi\/#primaryimage"},"thumbnailUrl":"https:\/\/www.asociacionaise.org\/wp-content\/uploads\/2018\/04\/Presentaci\u00f3n1.jpg","articleSection":["Uncategorized"],"inLanguage":"es"},{"@type":"WebPage","@id":"https:\/\/www.asociacionaise.org\/index.php\/feliz-dia-de-sant-jordi\/","url":"https:\/\/www.asociacionaise.org\/index.php\/feliz-dia-de-sant-jordi\/","name":"\u00a1FELIZ DIA DE SANT JORDI! - AISE","isPartOf":{"@id":"https:\/\/www.asociacionaise.org\/#website"},"primaryImageOfPage":{"@id":"https:\/\/www.asociacionaise.org\/index.php\/feliz-dia-de-sant-jordi\/#primaryimage"},"image":{"@id":"https:\/\/www.asociacionaise.org\/index.php\/feliz-dia-de-sant-jordi\/#primaryimage"},"thumbnailUrl":"https:\/\/www.asociacionaise.org\/wp-content\/uploads\/2018\/04\/Presentaci\u00f3n1.jpg","datePublished":"2018-04-23T03:24:54+00:00","breadcrumb":{"@id":"https:\/\/www.asociacionaise.org\/index.php\/feliz-dia-de-sant-jordi\/#breadcrumb"},"inLanguage":"es","potentialAction":[{"@type":"ReadAction","target":["https:\/\/www.asociacionaise.org\/index.php\/feliz-dia-de-sant-jordi\/"]}]},{"@type":"ImageObject","inLanguage":"es","@id":"https:\/\/www.asociacionaise.org\/index.php\/feliz-dia-de-sant-jordi\/#primaryimage","url":"https:\/\/www.asociacionaise.org\/wp-content\/uploads\/2018\/04\/Presentaci\u00f3n1.jpg","contentUrl":"https:\/\/www.asociacionaise.org\/wp-content\/uploads\/2018\/04\/Presentaci\u00f3n1.jpg","width":960,"height":720},{"@type":"BreadcrumbList","@id":"https:\/\/www.asociacionaise.org\/index.php\/feliz-dia-de-sant-jordi\/#breadcrumb","itemListElement":[{"@type":"ListItem","position":1,"name":"Portada","item":"https:\/\/www.asociacionaise.org\/"},{"@type":"ListItem","position":2,"name":"\u00a1FELIZ DIA DE SANT JORDI!"}]},{"@type":"WebSite","@id":"https:\/\/www.asociacionaise.org\/#website","url":"https:\/\/www.asociacionaise.org\/","name":"AISE","description":"Asociaci\u00f3n Internacional de Sanitarios en Espa\u00f1a","publisher":{"@id":"https:\/\/www.asociacionaise.org\/#organization"},"potentialAction":[{"@type":"SearchAction","target":{"@type":"EntryPoint","urlTemplate":"https:\/\/www.asociacionaise.org\/?s={search_term_string}"},"query-input":{"@type":"PropertyValueSpecification","valueRequired":true,"valueName":"search_term_string"}}],"inLanguage":"es"},{"@type":"Organization","@id":"https:\/\/www.asociacionaise.org\/#organization","name":"Asociacion AISE","url":"https:\/\/www.asociacionaise.org\/","logo":{"@type":"ImageObject","inLanguage":"es","@id":"https:\/\/www.asociacionaise.org\/#\/schema\/logo\/image\/","url":"http:\/\/www.asociacionaise.org\/wp-content\/uploads\/2020\/02\/logo256.png","contentUrl":"http:\/\/www.asociacionaise.org\/wp-content\/uploads\/2020\/02\/logo256.png","width":256,"height":256,"caption":"Asociacion AISE"},"image":{"@id":"https:\/\/www.asociacionaise.org\/#\/schema\/logo\/image\/"},"sameAs":["https:\/\/www.facebook.com\/AISEOrg\/","https:\/\/x.com\/ASOCIACIONAISE","https:\/\/www.instagram.com\/aise_voluntariado\/","https:\/\/www.linkedin.com\/in\/asociacion-aise-64a445147\/"]},{"@type":"Person","@id":"https:\/\/www.asociacionaise.org\/#\/schema\/person\/70ffe441b355a3fc31f91ffa0e5645c0","name":"Cristina Fern\u00e1ndez","url":"https:\/\/www.asociacionaise.org\/index.php\/author\/cristina\/"}]}},"_links":{"self":[{"href":"https:\/\/www.asociacionaise.org\/index.php\/wp-json\/wp\/v2\/posts\/4098","targetHints":{"allow":["GET"]}}],"collection":[{"href":"https:\/\/www.asociacionaise.org\/index.php\/wp-json\/wp\/v2\/posts"}],"about":[{"href":"https:\/\/www.asociacionaise.org\/index.php\/wp-json\/wp\/v2\/types\/post"}],"author":[{"embeddable":true,"href":"https:\/\/www.asociacionaise.org\/index.php\/wp-json\/wp\/v2\/users\/5"}],"replies":[{"embeddable":true,"href":"https:\/\/www.asociacionaise.org\/index.php\/wp-json\/wp\/v2\/comments?post=4098"}],"version-history":[{"count":1,"href":"https:\/\/www.asociacionaise.org\/index.php\/wp-json\/wp\/v2\/posts\/4098\/revisions"}],"predecessor-version":[{"id":4100,"href":"https:\/\/www.asociacionaise.org\/index.php\/wp-json\/wp\/v2\/posts\/4098\/revisions\/4100"}],"wp:featuredmedia":[{"embeddable":true,"href":"https:\/\/www.asociacionaise.org\/index.php\/wp-json\/wp\/v2\/media\/4099"}],"wp:attachment":[{"href":"https:\/\/www.asociacionaise.org\/index.php\/wp-json\/wp\/v2\/media?parent=4098"}],"wp:term":[{"taxonomy":"category","embeddable":true,"href":"https:\/\/www.asociacionaise.org\/index.php\/wp-json\/wp\/v2\/categories?post=4098"},{"taxonomy":"post_tag","embeddable":true,"href":"https:\/\/www.asociacionaise.org\/index.php\/wp-json\/wp\/v2\/tags?post=4098"}],"curies":[{"name":"wp","href":"https:\/\/api.w.org\/{rel}","templated":true}]}}