{"id":4057,"date":"2018-04-10T02:40:16","date_gmt":"2018-04-10T02:40:16","guid":{"rendered":"http:\/\/www.asociacionaise.org\/?p=4057"},"modified":"2018-04-17T03:01:24","modified_gmt":"2018-04-17T03:01:24","slug":"seguimos-apoyando-el-futbol-en-ecuador-te-apuntas","status":"publish","type":"post","link":"https:\/\/www.asociacionaise.org\/index.php\/seguimos-apoyando-el-futbol-en-ecuador-te-apuntas\/","title":{"rendered":"\u00a1SEGUIMOS APOYANDO EL FUTBOL EN ECUADOR! \u00bfTE APUNTAS?"},"content":{"rendered":"<p><img loading=\"lazy\" decoding=\"async\" class=\"size-medium wp-image-4062 alignleft\" src=\"https:\/\/www.asociacionaise.org\/wp-content\/uploads\/2018\/04\/IMG_20180413_184831-300x225.jpg\" alt=\"\" width=\"300\" height=\"225\" srcset=\"https:\/\/www.asociacionaise.org\/wp-content\/uploads\/2018\/04\/IMG_20180413_184831-300x225.jpg 300w, https:\/\/www.asociacionaise.org\/wp-content\/uploads\/2018\/04\/IMG_20180413_184831-768x576.jpg 768w, https:\/\/www.asociacionaise.org\/wp-content\/uploads\/2018\/04\/IMG_20180413_184831-1024x768.jpg 1024w\" sizes=\"auto, (max-width: 300px) 100vw, 300px\" \/>Movernos es saludable, lo sabemos, por ello, durante el 2017 en AISE no hemos parado quietos, Y como el deporte es salud, seguimos trabajando en el Proyecto de Escuelas de Futbol, donde casi mil ni\u00f1os en la Manga del Cura y Los R\u00edos se benefician de lo que ellos implica.<\/p>\n<p>Durante este a\u00f1o y medio, gracias a la creaci\u00f3n y permanente labor del\u00a0CD AISE- Almeda, con el total soporte de AISE y del CD Almeda desde Espa\u00f1a, hemos conseguido enviar ropa y material deportivo a todas las escuelas, hay personal con experiencia que entrena en las escuelas, se organizan encuentros amistosos, se realizan revisiones m\u00e9dicas a los ni\u00f1os y se envian entrenadores voluntarios de Espa\u00f1a para apoyar la labor.<\/p>\n<p>Pronto tendremos a Mario Guerrero en Buena Fe, voluntario\u00a0 que entrenar\u00e1 en todas las escuelas y ofrecer\u00e1 formaci\u00f3n especializada durante este verano. As\u00ed que ahora es momento de prepararlo todo, y eso es gracias al reciente equipo en sede formado por Diana Garcia y Carla provins, con el soporte de Ney Briones, Cristina Fernandez y el magnifico equipo de coordinaci\u00f3n en el terreno con la Sra. Katty Bail\u00f3n y la\u00a0Sra. Amelia Ochoa.<\/p>\n<p>&nbsp;<\/p>\n<p>Si tienes experiencia en el deporte o eres entrenador de futbol, no pierdas la oportunidad y ven a hacer un voluntariado con nosotros, te damos todas las facilidades! Aqu\u00ed tienes los detalles:\u00a0<a href=\"https:\/\/www.asociacionaise.org\/wp-content\/uploads\/2018\/04\/PROYECTO-F\u00daTBOL-ACT-2017.pdf\">PROYECTO F\u00daTBOL<\/a><\/p>\n<p>&nbsp;<\/p>\n","protected":false},"excerpt":{"rendered":"<p>Movernos es saludable, lo sabemos, por ello, durante el 2017 en AISE no hemos parado quietos, Y como el deporte es salud, seguimos trabajando en el Proyecto de Escuelas de Futbol, donde casi mil ni\u00f1os en la Manga del Cura y Los R\u00edos se benefician de lo que ellos implica. Durante este a\u00f1o y medio, [&hellip;]<\/p>\n","protected":false},"author":5,"featured_media":4063,"comment_status":"closed","ping_status":"closed","sticky":false,"template":"","format":"standard","meta":{"footnotes":""},"categories":[1],"tags":[],"class_list":["post-4057","post","type-post","status-publish","format-standard","has-post-thumbnail","hentry","category-uncategorized"],"yoast_head":"<!-- This site is optimized with the Yoast SEO plugin v24.9 - https:\/\/yoast.com\/wordpress\/plugins\/seo\/ -->\n<title>\u00a1SEGUIMOS APOYANDO EL FUTBOL EN ECUADOR! \u00bfTE APUNTAS? - AISE<\/title>\n<meta name=\"robots\" content=\"index, follow, max-snippet:-1, max-image-preview:large, max-video-preview:-1\" \/>\n<link rel=\"canonical\" href=\"https:\/\/www.asociacionaise.org\/index.php\/seguimos-apoyando-el-futbol-en-ecuador-te-apuntas\/\" \/>\n<meta property=\"og:locale\" content=\"es_ES\" \/>\n<meta property=\"og:type\" content=\"article\" \/>\n<meta property=\"og:title\" content=\"\u00a1SEGUIMOS APOYANDO EL FUTBOL EN ECUADOR! \u00bfTE APUNTAS? - AISE\" \/>\n<meta property=\"og:description\" content=\"Movernos es saludable, lo sabemos, por ello, durante el 2017 en AISE no hemos parado quietos, Y como el deporte es salud, seguimos trabajando en el Proyecto de Escuelas de Futbol, donde casi mil ni\u00f1os en la Manga del Cura y Los R\u00edos se benefician de lo que ellos implica. Durante este a\u00f1o y medio, [&hellip;]\" \/>\n<meta property=\"og:url\" content=\"https:\/\/www.asociacionaise.org\/index.php\/seguimos-apoyando-el-futbol-en-ecuador-te-apuntas\/\" \/>\n<meta property=\"og:site_name\" content=\"AISE\" \/>\n<meta property=\"article:publisher\" content=\"https:\/\/www.facebook.com\/AISEOrg\/\" \/>\n<meta property=\"article:published_time\" content=\"2018-04-10T02:40:16+00:00\" \/>\n<meta property=\"article:modified_time\" content=\"2018-04-17T03:01:24+00:00\" \/>\n<meta property=\"og:image\" content=\"https:\/\/www.asociacionaise.org\/wp-content\/uploads\/2018\/04\/CARLOS-SELVI-2017.jpg\" \/>\n\t<meta property=\"og:image:width\" content=\"1021\" \/>\n\t<meta property=\"og:image:height\" content=\"546\" \/>\n\t<meta property=\"og:image:type\" content=\"image\/jpeg\" \/>\n<meta name=\"author\" content=\"Cristina Fern\u00e1ndez\" \/>\n<meta name=\"twitter:card\" content=\"summary_large_image\" \/>\n<meta name=\"twitter:creator\" content=\"@ASOCIACIONAISE\" \/>\n<meta name=\"twitter:site\" content=\"@ASOCIACIONAISE\" \/>\n<meta name=\"twitter:label1\" content=\"Escrito por\" \/>\n\t<meta name=\"twitter:data1\" content=\"Cristina Fern\u00e1ndez\" \/>\n\t<meta name=\"twitter:label2\" content=\"Tiempo de lectura\" \/>\n\t<meta name=\"twitter:data2\" content=\"1 minuto\" \/>\n<script type=\"application\/ld+json\" class=\"yoast-schema-graph\">{\"@context\":\"https:\/\/schema.org\",\"@graph\":[{\"@type\":\"Article\",\"@id\":\"https:\/\/www.asociacionaise.org\/index.php\/seguimos-apoyando-el-futbol-en-ecuador-te-apuntas\/#article\",\"isPartOf\":{\"@id\":\"https:\/\/www.asociacionaise.org\/index.php\/seguimos-apoyando-el-futbol-en-ecuador-te-apuntas\/\"},\"author\":{\"name\":\"Cristina Fern\u00e1ndez\",\"@id\":\"https:\/\/www.asociacionaise.org\/#\/schema\/person\/70ffe441b355a3fc31f91ffa0e5645c0\"},\"headline\":\"\u00a1SEGUIMOS APOYANDO EL FUTBOL EN ECUADOR! \u00bfTE APUNTAS?\",\"datePublished\":\"2018-04-10T02:40:16+00:00\",\"dateModified\":\"2018-04-17T03:01:24+00:00\",\"mainEntityOfPage\":{\"@id\":\"https:\/\/www.asociacionaise.org\/index.php\/seguimos-apoyando-el-futbol-en-ecuador-te-apuntas\/\"},\"wordCount\":248,\"publisher\":{\"@id\":\"https:\/\/www.asociacionaise.org\/#organization\"},\"image\":{\"@id\":\"https:\/\/www.asociacionaise.org\/index.php\/seguimos-apoyando-el-futbol-en-ecuador-te-apuntas\/#primaryimage\"},\"thumbnailUrl\":\"https:\/\/www.asociacionaise.org\/wp-content\/uploads\/2018\/04\/CARLOS-SELVI-2017.jpg\",\"articleSection\":[\"Uncategorized\"],\"inLanguage\":\"es\"},{\"@type\":\"WebPage\",\"@id\":\"https:\/\/www.asociacionaise.org\/index.php\/seguimos-apoyando-el-futbol-en-ecuador-te-apuntas\/\",\"url\":\"https:\/\/www.asociacionaise.org\/index.php\/seguimos-apoyando-el-futbol-en-ecuador-te-apuntas\/\",\"name\":\"\u00a1SEGUIMOS APOYANDO EL FUTBOL EN ECUADOR! \u00bfTE APUNTAS? - AISE\",\"isPartOf\":{\"@id\":\"https:\/\/www.asociacionaise.org\/#website\"},\"primaryImageOfPage\":{\"@id\":\"https:\/\/www.asociacionaise.org\/index.php\/seguimos-apoyando-el-futbol-en-ecuador-te-apuntas\/#primaryimage\"},\"image\":{\"@id\":\"https:\/\/www.asociacionaise.org\/index.php\/seguimos-apoyando-el-futbol-en-ecuador-te-apuntas\/#primaryimage\"},\"thumbnailUrl\":\"https:\/\/www.asociacionaise.org\/wp-content\/uploads\/2018\/04\/CARLOS-SELVI-2017.jpg\",\"datePublished\":\"2018-04-10T02:40:16+00:00\",\"dateModified\":\"2018-04-17T03:01:24+00:00\",\"breadcrumb\":{\"@id\":\"https:\/\/www.asociacionaise.org\/index.php\/seguimos-apoyando-el-futbol-en-ecuador-te-apuntas\/#breadcrumb\"},\"inLanguage\":\"es\",\"potentialAction\":[{\"@type\":\"ReadAction\",\"target\":[\"https:\/\/www.asociacionaise.org\/index.php\/seguimos-apoyando-el-futbol-en-ecuador-te-apuntas\/\"]}]},{\"@type\":\"ImageObject\",\"inLanguage\":\"es\",\"@id\":\"https:\/\/www.asociacionaise.org\/index.php\/seguimos-apoyando-el-futbol-en-ecuador-te-apuntas\/#primaryimage\",\"url\":\"https:\/\/www.asociacionaise.org\/wp-content\/uploads\/2018\/04\/CARLOS-SELVI-2017.jpg\",\"contentUrl\":\"https:\/\/www.asociacionaise.org\/wp-content\/uploads\/2018\/04\/CARLOS-SELVI-2017.jpg\",\"width\":1021,\"height\":546},{\"@type\":\"BreadcrumbList\",\"@id\":\"https:\/\/www.asociacionaise.org\/index.php\/seguimos-apoyando-el-futbol-en-ecuador-te-apuntas\/#breadcrumb\",\"itemListElement\":[{\"@type\":\"ListItem\",\"position\":1,\"name\":\"Portada\",\"item\":\"https:\/\/www.asociacionaise.org\/\"},{\"@type\":\"ListItem\",\"position\":2,\"name\":\"\u00a1SEGUIMOS APOYANDO EL FUTBOL EN ECUADOR! \u00bfTE APUNTAS?\"}]},{\"@type\":\"WebSite\",\"@id\":\"https:\/\/www.asociacionaise.org\/#website\",\"url\":\"https:\/\/www.asociacionaise.org\/\",\"name\":\"AISE\",\"description\":\"Asociaci\u00f3n Internacional de Sanitarios en Espa\u00f1a\",\"publisher\":{\"@id\":\"https:\/\/www.asociacionaise.org\/#organization\"},\"potentialAction\":[{\"@type\":\"SearchAction\",\"target\":{\"@type\":\"EntryPoint\",\"urlTemplate\":\"https:\/\/www.asociacionaise.org\/?s={search_term_string}\"},\"query-input\":{\"@type\":\"PropertyValueSpecification\",\"valueRequired\":true,\"valueName\":\"search_term_string\"}}],\"inLanguage\":\"es\"},{\"@type\":\"Organization\",\"@id\":\"https:\/\/www.asociacionaise.org\/#organization\",\"name\":\"Asociacion AISE\",\"url\":\"https:\/\/www.asociacionaise.org\/\",\"logo\":{\"@type\":\"ImageObject\",\"inLanguage\":\"es\",\"@id\":\"https:\/\/www.asociacionaise.org\/#\/schema\/logo\/image\/\",\"url\":\"http:\/\/www.asociacionaise.org\/wp-content\/uploads\/2020\/02\/logo256.png\",\"contentUrl\":\"http:\/\/www.asociacionaise.org\/wp-content\/uploads\/2020\/02\/logo256.png\",\"width\":256,\"height\":256,\"caption\":\"Asociacion AISE\"},\"image\":{\"@id\":\"https:\/\/www.asociacionaise.org\/#\/schema\/logo\/image\/\"},\"sameAs\":[\"https:\/\/www.facebook.com\/AISEOrg\/\",\"https:\/\/x.com\/ASOCIACIONAISE\",\"https:\/\/www.instagram.com\/aise_voluntariado\/\",\"https:\/\/www.linkedin.com\/in\/asociacion-aise-64a445147\/\"]},{\"@type\":\"Person\",\"@id\":\"https:\/\/www.asociacionaise.org\/#\/schema\/person\/70ffe441b355a3fc31f91ffa0e5645c0\",\"name\":\"Cristina Fern\u00e1ndez\",\"url\":\"https:\/\/www.asociacionaise.org\/index.php\/author\/cristina\/\"}]}<\/script>\n<!-- \/ Yoast SEO plugin. -->","yoast_head_json":{"title":"\u00a1SEGUIMOS APOYANDO EL FUTBOL EN ECUADOR! \u00bfTE APUNTAS? - AISE","robots":{"index":"index","follow":"follow","max-snippet":"max-snippet:-1","max-image-preview":"max-image-preview:large","max-video-preview":"max-video-preview:-1"},"canonical":"https:\/\/www.asociacionaise.org\/index.php\/seguimos-apoyando-el-futbol-en-ecuador-te-apuntas\/","og_locale":"es_ES","og_type":"article","og_title":"\u00a1SEGUIMOS APOYANDO EL FUTBOL EN ECUADOR! \u00bfTE APUNTAS? - AISE","og_description":"Movernos es saludable, lo sabemos, por ello, durante el 2017 en AISE no hemos parado quietos, Y como el deporte es salud, seguimos trabajando en el Proyecto de Escuelas de Futbol, donde casi mil ni\u00f1os en la Manga del Cura y Los R\u00edos se benefician de lo que ellos implica. Durante este a\u00f1o y medio, [&hellip;]","og_url":"https:\/\/www.asociacionaise.org\/index.php\/seguimos-apoyando-el-futbol-en-ecuador-te-apuntas\/","og_site_name":"AISE","article_publisher":"https:\/\/www.facebook.com\/AISEOrg\/","article_published_time":"2018-04-10T02:40:16+00:00","article_modified_time":"2018-04-17T03:01:24+00:00","og_image":[{"width":1021,"height":546,"url":"https:\/\/www.asociacionaise.org\/wp-content\/uploads\/2018\/04\/CARLOS-SELVI-2017.jpg","type":"image\/jpeg"}],"author":"Cristina Fern\u00e1ndez","twitter_card":"summary_large_image","twitter_creator":"@ASOCIACIONAISE","twitter_site":"@ASOCIACIONAISE","twitter_misc":{"Escrito por":"Cristina Fern\u00e1ndez","Tiempo de lectura":"1 minuto"},"schema":{"@context":"https:\/\/schema.org","@graph":[{"@type":"Article","@id":"https:\/\/www.asociacionaise.org\/index.php\/seguimos-apoyando-el-futbol-en-ecuador-te-apuntas\/#article","isPartOf":{"@id":"https:\/\/www.asociacionaise.org\/index.php\/seguimos-apoyando-el-futbol-en-ecuador-te-apuntas\/"},"author":{"name":"Cristina Fern\u00e1ndez","@id":"https:\/\/www.asociacionaise.org\/#\/schema\/person\/70ffe441b355a3fc31f91ffa0e5645c0"},"headline":"\u00a1SEGUIMOS APOYANDO EL FUTBOL EN ECUADOR! \u00bfTE APUNTAS?","datePublished":"2018-04-10T02:40:16+00:00","dateModified":"2018-04-17T03:01:24+00:00","mainEntityOfPage":{"@id":"https:\/\/www.asociacionaise.org\/index.php\/seguimos-apoyando-el-futbol-en-ecuador-te-apuntas\/"},"wordCount":248,"publisher":{"@id":"https:\/\/www.asociacionaise.org\/#organization"},"image":{"@id":"https:\/\/www.asociacionaise.org\/index.php\/seguimos-apoyando-el-futbol-en-ecuador-te-apuntas\/#primaryimage"},"thumbnailUrl":"https:\/\/www.asociacionaise.org\/wp-content\/uploads\/2018\/04\/CARLOS-SELVI-2017.jpg","articleSection":["Uncategorized"],"inLanguage":"es"},{"@type":"WebPage","@id":"https:\/\/www.asociacionaise.org\/index.php\/seguimos-apoyando-el-futbol-en-ecuador-te-apuntas\/","url":"https:\/\/www.asociacionaise.org\/index.php\/seguimos-apoyando-el-futbol-en-ecuador-te-apuntas\/","name":"\u00a1SEGUIMOS APOYANDO EL FUTBOL EN ECUADOR! \u00bfTE APUNTAS? - AISE","isPartOf":{"@id":"https:\/\/www.asociacionaise.org\/#website"},"primaryImageOfPage":{"@id":"https:\/\/www.asociacionaise.org\/index.php\/seguimos-apoyando-el-futbol-en-ecuador-te-apuntas\/#primaryimage"},"image":{"@id":"https:\/\/www.asociacionaise.org\/index.php\/seguimos-apoyando-el-futbol-en-ecuador-te-apuntas\/#primaryimage"},"thumbnailUrl":"https:\/\/www.asociacionaise.org\/wp-content\/uploads\/2018\/04\/CARLOS-SELVI-2017.jpg","datePublished":"2018-04-10T02:40:16+00:00","dateModified":"2018-04-17T03:01:24+00:00","breadcrumb":{"@id":"https:\/\/www.asociacionaise.org\/index.php\/seguimos-apoyando-el-futbol-en-ecuador-te-apuntas\/#breadcrumb"},"inLanguage":"es","potentialAction":[{"@type":"ReadAction","target":["https:\/\/www.asociacionaise.org\/index.php\/seguimos-apoyando-el-futbol-en-ecuador-te-apuntas\/"]}]},{"@type":"ImageObject","inLanguage":"es","@id":"https:\/\/www.asociacionaise.org\/index.php\/seguimos-apoyando-el-futbol-en-ecuador-te-apuntas\/#primaryimage","url":"https:\/\/www.asociacionaise.org\/wp-content\/uploads\/2018\/04\/CARLOS-SELVI-2017.jpg","contentUrl":"https:\/\/www.asociacionaise.org\/wp-content\/uploads\/2018\/04\/CARLOS-SELVI-2017.jpg","width":1021,"height":546},{"@type":"BreadcrumbList","@id":"https:\/\/www.asociacionaise.org\/index.php\/seguimos-apoyando-el-futbol-en-ecuador-te-apuntas\/#breadcrumb","itemListElement":[{"@type":"ListItem","position":1,"name":"Portada","item":"https:\/\/www.asociacionaise.org\/"},{"@type":"ListItem","position":2,"name":"\u00a1SEGUIMOS APOYANDO EL FUTBOL EN ECUADOR! \u00bfTE APUNTAS?"}]},{"@type":"WebSite","@id":"https:\/\/www.asociacionaise.org\/#website","url":"https:\/\/www.asociacionaise.org\/","name":"AISE","description":"Asociaci\u00f3n Internacional de Sanitarios en Espa\u00f1a","publisher":{"@id":"https:\/\/www.asociacionaise.org\/#organization"},"potentialAction":[{"@type":"SearchAction","target":{"@type":"EntryPoint","urlTemplate":"https:\/\/www.asociacionaise.org\/?s={search_term_string}"},"query-input":{"@type":"PropertyValueSpecification","valueRequired":true,"valueName":"search_term_string"}}],"inLanguage":"es"},{"@type":"Organization","@id":"https:\/\/www.asociacionaise.org\/#organization","name":"Asociacion AISE","url":"https:\/\/www.asociacionaise.org\/","logo":{"@type":"ImageObject","inLanguage":"es","@id":"https:\/\/www.asociacionaise.org\/#\/schema\/logo\/image\/","url":"http:\/\/www.asociacionaise.org\/wp-content\/uploads\/2020\/02\/logo256.png","contentUrl":"http:\/\/www.asociacionaise.org\/wp-content\/uploads\/2020\/02\/logo256.png","width":256,"height":256,"caption":"Asociacion AISE"},"image":{"@id":"https:\/\/www.asociacionaise.org\/#\/schema\/logo\/image\/"},"sameAs":["https:\/\/www.facebook.com\/AISEOrg\/","https:\/\/x.com\/ASOCIACIONAISE","https:\/\/www.instagram.com\/aise_voluntariado\/","https:\/\/www.linkedin.com\/in\/asociacion-aise-64a445147\/"]},{"@type":"Person","@id":"https:\/\/www.asociacionaise.org\/#\/schema\/person\/70ffe441b355a3fc31f91ffa0e5645c0","name":"Cristina Fern\u00e1ndez","url":"https:\/\/www.asociacionaise.org\/index.php\/author\/cristina\/"}]}},"_links":{"self":[{"href":"https:\/\/www.asociacionaise.org\/index.php\/wp-json\/wp\/v2\/posts\/4057","targetHints":{"allow":["GET"]}}],"collection":[{"href":"https:\/\/www.asociacionaise.org\/index.php\/wp-json\/wp\/v2\/posts"}],"about":[{"href":"https:\/\/www.asociacionaise.org\/index.php\/wp-json\/wp\/v2\/types\/post"}],"author":[{"embeddable":true,"href":"https:\/\/www.asociacionaise.org\/index.php\/wp-json\/wp\/v2\/users\/5"}],"replies":[{"embeddable":true,"href":"https:\/\/www.asociacionaise.org\/index.php\/wp-json\/wp\/v2\/comments?post=4057"}],"version-history":[{"count":1,"href":"https:\/\/www.asociacionaise.org\/index.php\/wp-json\/wp\/v2\/posts\/4057\/revisions"}],"predecessor-version":[{"id":4064,"href":"https:\/\/www.asociacionaise.org\/index.php\/wp-json\/wp\/v2\/posts\/4057\/revisions\/4064"}],"wp:featuredmedia":[{"embeddable":true,"href":"https:\/\/www.asociacionaise.org\/index.php\/wp-json\/wp\/v2\/media\/4063"}],"wp:attachment":[{"href":"https:\/\/www.asociacionaise.org\/index.php\/wp-json\/wp\/v2\/media?parent=4057"}],"wp:term":[{"taxonomy":"category","embeddable":true,"href":"https:\/\/www.asociacionaise.org\/index.php\/wp-json\/wp\/v2\/categories?post=4057"},{"taxonomy":"post_tag","embeddable":true,"href":"https:\/\/www.asociacionaise.org\/index.php\/wp-json\/wp\/v2\/tags?post=4057"}],"curies":[{"name":"wp","href":"https:\/\/api.w.org\/{rel}","templated":true}]}}