{"id":3947,"date":"2018-02-08T04:35:06","date_gmt":"2018-02-08T04:35:06","guid":{"rendered":"http:\/\/www.asociacionaise.org\/?p=3947"},"modified":"2018-02-08T04:36:54","modified_gmt":"2018-02-08T04:36:54","slug":"estas-invitado-a-la-cena-de-confraternizacion","status":"publish","type":"post","link":"https:\/\/www.asociacionaise.org\/index.php\/estas-invitado-a-la-cena-de-confraternizacion\/","title":{"rendered":"\u00a1ESTAS INVITADO A LA CENA DE CONFRATERNIZACION!"},"content":{"rendered":"<p>\u00a1Ya estamos preparados para pasar una noche amena y divertida entre voluntarios, amigos y componentes de AISE!<\/p>\n<p><img loading=\"lazy\" decoding=\"async\" class=\"size-medium wp-image-3954 alignleft\" src=\"https:\/\/www.asociacionaise.org\/wp-content\/uploads\/2018\/02\/IMG_0154-300x225.jpg\" alt=\"\" width=\"300\" height=\"225\" srcset=\"https:\/\/www.asociacionaise.org\/wp-content\/uploads\/2018\/02\/IMG_0154-300x225.jpg 300w, https:\/\/www.asociacionaise.org\/wp-content\/uploads\/2018\/02\/IMG_0154-768x576.jpg 768w, https:\/\/www.asociacionaise.org\/wp-content\/uploads\/2018\/02\/IMG_0154-1024x768.jpg 1024w, https:\/\/www.asociacionaise.org\/wp-content\/uploads\/2018\/02\/IMG_0154.jpg 1280w\" sizes=\"auto, (max-width: 300px) 100vw, 300px\" \/>Como cada a\u00f1o, hemos organizado una Cena de Confraternizaci\u00f3n aprovechando las jornadas formativas pre-Campa\u00f1a Socio-Sanitaria. Despu\u00e9s de mucho estr\u00e9s por los preparativos y de una larga jornada de formaci\u00f3n, merecemos pasar una velada agradable. Es una gran oportunidad para conocer a los voluntarios, que ellos nos conozcan mejor y que adem\u00e1s empiecen a entablar una amistad antes del viaje.<\/p>\n<p>La Cena ser\u00e1 el viernes 16 de febrero a las 21h en el restaurante El Rac\u00f3 del Frai, en Sta Coloma de Gramenet, Barcelona.<\/p>\n<p>\u00a1T\u00fa y tus amigos y familia est\u00e1is invitados!<\/p>\n<p>Confirma tu asistencia y tu elecci\u00f3n del 2\u00ba plato antes del d\u00eda 12 de febrero:\u00a0<a href=\"https:\/\/www.asociacionaise.org\/wp-content\/uploads\/2018\/02\/Men\u00fa16CSS-ultimo.pdf\">Men\u00fa<\/a><\/p>\n<p>\u00a1Habr\u00e1 rifa y m\u00e1s sorpresas! \u00a1Te esperamos!<\/p>\n","protected":false},"excerpt":{"rendered":"<p>\u00a1Ya estamos preparados para pasar una noche amena y divertida entre voluntarios, amigos y componentes de AISE! Como cada a\u00f1o, hemos organizado una Cena de Confraternizaci\u00f3n aprovechando las jornadas formativas pre-Campa\u00f1a Socio-Sanitaria. Despu\u00e9s de mucho estr\u00e9s por los preparativos y de una larga jornada de formaci\u00f3n, merecemos pasar una velada agradable. Es una gran oportunidad [&hellip;]<\/p>\n","protected":false},"author":5,"featured_media":0,"comment_status":"closed","ping_status":"closed","sticky":false,"template":"","format":"standard","meta":{"footnotes":""},"categories":[1],"tags":[],"class_list":["post-3947","post","type-post","status-publish","format-standard","hentry","category-uncategorized"],"yoast_head":"<!-- This site is optimized with the Yoast SEO plugin v24.9 - https:\/\/yoast.com\/wordpress\/plugins\/seo\/ -->\n<title>\u00a1ESTAS INVITADO A LA CENA DE CONFRATERNIZACION! - AISE<\/title>\n<meta name=\"robots\" content=\"index, follow, max-snippet:-1, max-image-preview:large, max-video-preview:-1\" \/>\n<link rel=\"canonical\" href=\"https:\/\/www.asociacionaise.org\/index.php\/estas-invitado-a-la-cena-de-confraternizacion\/\" \/>\n<meta property=\"og:locale\" content=\"es_ES\" \/>\n<meta property=\"og:type\" content=\"article\" \/>\n<meta property=\"og:title\" content=\"\u00a1ESTAS INVITADO A LA CENA DE CONFRATERNIZACION! - AISE\" \/>\n<meta property=\"og:description\" content=\"\u00a1Ya estamos preparados para pasar una noche amena y divertida entre voluntarios, amigos y componentes de AISE! Como cada a\u00f1o, hemos organizado una Cena de Confraternizaci\u00f3n aprovechando las jornadas formativas pre-Campa\u00f1a Socio-Sanitaria. Despu\u00e9s de mucho estr\u00e9s por los preparativos y de una larga jornada de formaci\u00f3n, merecemos pasar una velada agradable. Es una gran oportunidad [&hellip;]\" \/>\n<meta property=\"og:url\" content=\"https:\/\/www.asociacionaise.org\/index.php\/estas-invitado-a-la-cena-de-confraternizacion\/\" \/>\n<meta property=\"og:site_name\" content=\"AISE\" \/>\n<meta property=\"article:publisher\" content=\"https:\/\/www.facebook.com\/AISEOrg\/\" \/>\n<meta property=\"article:published_time\" content=\"2018-02-08T04:35:06+00:00\" \/>\n<meta property=\"article:modified_time\" content=\"2018-02-08T04:36:54+00:00\" \/>\n<meta property=\"og:image\" content=\"http:\/\/www.asociacionaise.org\/wp-content\/uploads\/2018\/02\/IMG_0154-300x225.jpg\" \/>\n<meta name=\"author\" content=\"Cristina Fern\u00e1ndez\" \/>\n<meta name=\"twitter:card\" content=\"summary_large_image\" \/>\n<meta name=\"twitter:creator\" content=\"@ASOCIACIONAISE\" \/>\n<meta name=\"twitter:site\" content=\"@ASOCIACIONAISE\" \/>\n<meta name=\"twitter:label1\" content=\"Escrito por\" \/>\n\t<meta name=\"twitter:data1\" content=\"Cristina Fern\u00e1ndez\" \/>\n\t<meta name=\"twitter:label2\" content=\"Tiempo de lectura\" \/>\n\t<meta name=\"twitter:data2\" content=\"1 minuto\" \/>\n<script type=\"application\/ld+json\" class=\"yoast-schema-graph\">{\"@context\":\"https:\/\/schema.org\",\"@graph\":[{\"@type\":\"Article\",\"@id\":\"https:\/\/www.asociacionaise.org\/index.php\/estas-invitado-a-la-cena-de-confraternizacion\/#article\",\"isPartOf\":{\"@id\":\"https:\/\/www.asociacionaise.org\/index.php\/estas-invitado-a-la-cena-de-confraternizacion\/\"},\"author\":{\"name\":\"Cristina Fern\u00e1ndez\",\"@id\":\"https:\/\/www.asociacionaise.org\/#\/schema\/person\/70ffe441b355a3fc31f91ffa0e5645c0\"},\"headline\":\"\u00a1ESTAS INVITADO A LA CENA DE CONFRATERNIZACION!\",\"datePublished\":\"2018-02-08T04:35:06+00:00\",\"dateModified\":\"2018-02-08T04:36:54+00:00\",\"mainEntityOfPage\":{\"@id\":\"https:\/\/www.asociacionaise.org\/index.php\/estas-invitado-a-la-cena-de-confraternizacion\/\"},\"wordCount\":146,\"publisher\":{\"@id\":\"https:\/\/www.asociacionaise.org\/#organization\"},\"image\":{\"@id\":\"https:\/\/www.asociacionaise.org\/index.php\/estas-invitado-a-la-cena-de-confraternizacion\/#primaryimage\"},\"thumbnailUrl\":\"http:\/\/www.asociacionaise.org\/wp-content\/uploads\/2018\/02\/IMG_0154-300x225.jpg\",\"articleSection\":[\"Uncategorized\"],\"inLanguage\":\"es\"},{\"@type\":\"WebPage\",\"@id\":\"https:\/\/www.asociacionaise.org\/index.php\/estas-invitado-a-la-cena-de-confraternizacion\/\",\"url\":\"https:\/\/www.asociacionaise.org\/index.php\/estas-invitado-a-la-cena-de-confraternizacion\/\",\"name\":\"\u00a1ESTAS INVITADO A LA CENA DE CONFRATERNIZACION! - AISE\",\"isPartOf\":{\"@id\":\"https:\/\/www.asociacionaise.org\/#website\"},\"primaryImageOfPage\":{\"@id\":\"https:\/\/www.asociacionaise.org\/index.php\/estas-invitado-a-la-cena-de-confraternizacion\/#primaryimage\"},\"image\":{\"@id\":\"https:\/\/www.asociacionaise.org\/index.php\/estas-invitado-a-la-cena-de-confraternizacion\/#primaryimage\"},\"thumbnailUrl\":\"http:\/\/www.asociacionaise.org\/wp-content\/uploads\/2018\/02\/IMG_0154-300x225.jpg\",\"datePublished\":\"2018-02-08T04:35:06+00:00\",\"dateModified\":\"2018-02-08T04:36:54+00:00\",\"breadcrumb\":{\"@id\":\"https:\/\/www.asociacionaise.org\/index.php\/estas-invitado-a-la-cena-de-confraternizacion\/#breadcrumb\"},\"inLanguage\":\"es\",\"potentialAction\":[{\"@type\":\"ReadAction\",\"target\":[\"https:\/\/www.asociacionaise.org\/index.php\/estas-invitado-a-la-cena-de-confraternizacion\/\"]}]},{\"@type\":\"ImageObject\",\"inLanguage\":\"es\",\"@id\":\"https:\/\/www.asociacionaise.org\/index.php\/estas-invitado-a-la-cena-de-confraternizacion\/#primaryimage\",\"url\":\"https:\/\/www.asociacionaise.org\/wp-content\/uploads\/2018\/02\/IMG_0154.jpg\",\"contentUrl\":\"https:\/\/www.asociacionaise.org\/wp-content\/uploads\/2018\/02\/IMG_0154.jpg\",\"width\":1280,\"height\":960},{\"@type\":\"BreadcrumbList\",\"@id\":\"https:\/\/www.asociacionaise.org\/index.php\/estas-invitado-a-la-cena-de-confraternizacion\/#breadcrumb\",\"itemListElement\":[{\"@type\":\"ListItem\",\"position\":1,\"name\":\"Portada\",\"item\":\"https:\/\/www.asociacionaise.org\/\"},{\"@type\":\"ListItem\",\"position\":2,\"name\":\"\u00a1ESTAS INVITADO A LA CENA DE CONFRATERNIZACION!\"}]},{\"@type\":\"WebSite\",\"@id\":\"https:\/\/www.asociacionaise.org\/#website\",\"url\":\"https:\/\/www.asociacionaise.org\/\",\"name\":\"AISE\",\"description\":\"Asociaci\u00f3n Internacional de Sanitarios en Espa\u00f1a\",\"publisher\":{\"@id\":\"https:\/\/www.asociacionaise.org\/#organization\"},\"potentialAction\":[{\"@type\":\"SearchAction\",\"target\":{\"@type\":\"EntryPoint\",\"urlTemplate\":\"https:\/\/www.asociacionaise.org\/?s={search_term_string}\"},\"query-input\":{\"@type\":\"PropertyValueSpecification\",\"valueRequired\":true,\"valueName\":\"search_term_string\"}}],\"inLanguage\":\"es\"},{\"@type\":\"Organization\",\"@id\":\"https:\/\/www.asociacionaise.org\/#organization\",\"name\":\"Asociacion AISE\",\"url\":\"https:\/\/www.asociacionaise.org\/\",\"logo\":{\"@type\":\"ImageObject\",\"inLanguage\":\"es\",\"@id\":\"https:\/\/www.asociacionaise.org\/#\/schema\/logo\/image\/\",\"url\":\"http:\/\/www.asociacionaise.org\/wp-content\/uploads\/2020\/02\/logo256.png\",\"contentUrl\":\"http:\/\/www.asociacionaise.org\/wp-content\/uploads\/2020\/02\/logo256.png\",\"width\":256,\"height\":256,\"caption\":\"Asociacion AISE\"},\"image\":{\"@id\":\"https:\/\/www.asociacionaise.org\/#\/schema\/logo\/image\/\"},\"sameAs\":[\"https:\/\/www.facebook.com\/AISEOrg\/\",\"https:\/\/x.com\/ASOCIACIONAISE\",\"https:\/\/www.instagram.com\/aise_voluntariado\/\",\"https:\/\/www.linkedin.com\/in\/asociacion-aise-64a445147\/\"]},{\"@type\":\"Person\",\"@id\":\"https:\/\/www.asociacionaise.org\/#\/schema\/person\/70ffe441b355a3fc31f91ffa0e5645c0\",\"name\":\"Cristina Fern\u00e1ndez\",\"url\":\"https:\/\/www.asociacionaise.org\/index.php\/author\/cristina\/\"}]}<\/script>\n<!-- \/ Yoast SEO plugin. -->","yoast_head_json":{"title":"\u00a1ESTAS INVITADO A LA CENA DE CONFRATERNIZACION! - AISE","robots":{"index":"index","follow":"follow","max-snippet":"max-snippet:-1","max-image-preview":"max-image-preview:large","max-video-preview":"max-video-preview:-1"},"canonical":"https:\/\/www.asociacionaise.org\/index.php\/estas-invitado-a-la-cena-de-confraternizacion\/","og_locale":"es_ES","og_type":"article","og_title":"\u00a1ESTAS INVITADO A LA CENA DE CONFRATERNIZACION! - AISE","og_description":"\u00a1Ya estamos preparados para pasar una noche amena y divertida entre voluntarios, amigos y componentes de AISE! Como cada a\u00f1o, hemos organizado una Cena de Confraternizaci\u00f3n aprovechando las jornadas formativas pre-Campa\u00f1a Socio-Sanitaria. Despu\u00e9s de mucho estr\u00e9s por los preparativos y de una larga jornada de formaci\u00f3n, merecemos pasar una velada agradable. Es una gran oportunidad [&hellip;]","og_url":"https:\/\/www.asociacionaise.org\/index.php\/estas-invitado-a-la-cena-de-confraternizacion\/","og_site_name":"AISE","article_publisher":"https:\/\/www.facebook.com\/AISEOrg\/","article_published_time":"2018-02-08T04:35:06+00:00","article_modified_time":"2018-02-08T04:36:54+00:00","og_image":[{"url":"http:\/\/www.asociacionaise.org\/wp-content\/uploads\/2018\/02\/IMG_0154-300x225.jpg","type":"","width":"","height":""}],"author":"Cristina Fern\u00e1ndez","twitter_card":"summary_large_image","twitter_creator":"@ASOCIACIONAISE","twitter_site":"@ASOCIACIONAISE","twitter_misc":{"Escrito por":"Cristina Fern\u00e1ndez","Tiempo de lectura":"1 minuto"},"schema":{"@context":"https:\/\/schema.org","@graph":[{"@type":"Article","@id":"https:\/\/www.asociacionaise.org\/index.php\/estas-invitado-a-la-cena-de-confraternizacion\/#article","isPartOf":{"@id":"https:\/\/www.asociacionaise.org\/index.php\/estas-invitado-a-la-cena-de-confraternizacion\/"},"author":{"name":"Cristina Fern\u00e1ndez","@id":"https:\/\/www.asociacionaise.org\/#\/schema\/person\/70ffe441b355a3fc31f91ffa0e5645c0"},"headline":"\u00a1ESTAS INVITADO A LA CENA DE CONFRATERNIZACION!","datePublished":"2018-02-08T04:35:06+00:00","dateModified":"2018-02-08T04:36:54+00:00","mainEntityOfPage":{"@id":"https:\/\/www.asociacionaise.org\/index.php\/estas-invitado-a-la-cena-de-confraternizacion\/"},"wordCount":146,"publisher":{"@id":"https:\/\/www.asociacionaise.org\/#organization"},"image":{"@id":"https:\/\/www.asociacionaise.org\/index.php\/estas-invitado-a-la-cena-de-confraternizacion\/#primaryimage"},"thumbnailUrl":"http:\/\/www.asociacionaise.org\/wp-content\/uploads\/2018\/02\/IMG_0154-300x225.jpg","articleSection":["Uncategorized"],"inLanguage":"es"},{"@type":"WebPage","@id":"https:\/\/www.asociacionaise.org\/index.php\/estas-invitado-a-la-cena-de-confraternizacion\/","url":"https:\/\/www.asociacionaise.org\/index.php\/estas-invitado-a-la-cena-de-confraternizacion\/","name":"\u00a1ESTAS INVITADO A LA CENA DE CONFRATERNIZACION! - AISE","isPartOf":{"@id":"https:\/\/www.asociacionaise.org\/#website"},"primaryImageOfPage":{"@id":"https:\/\/www.asociacionaise.org\/index.php\/estas-invitado-a-la-cena-de-confraternizacion\/#primaryimage"},"image":{"@id":"https:\/\/www.asociacionaise.org\/index.php\/estas-invitado-a-la-cena-de-confraternizacion\/#primaryimage"},"thumbnailUrl":"http:\/\/www.asociacionaise.org\/wp-content\/uploads\/2018\/02\/IMG_0154-300x225.jpg","datePublished":"2018-02-08T04:35:06+00:00","dateModified":"2018-02-08T04:36:54+00:00","breadcrumb":{"@id":"https:\/\/www.asociacionaise.org\/index.php\/estas-invitado-a-la-cena-de-confraternizacion\/#breadcrumb"},"inLanguage":"es","potentialAction":[{"@type":"ReadAction","target":["https:\/\/www.asociacionaise.org\/index.php\/estas-invitado-a-la-cena-de-confraternizacion\/"]}]},{"@type":"ImageObject","inLanguage":"es","@id":"https:\/\/www.asociacionaise.org\/index.php\/estas-invitado-a-la-cena-de-confraternizacion\/#primaryimage","url":"https:\/\/www.asociacionaise.org\/wp-content\/uploads\/2018\/02\/IMG_0154.jpg","contentUrl":"https:\/\/www.asociacionaise.org\/wp-content\/uploads\/2018\/02\/IMG_0154.jpg","width":1280,"height":960},{"@type":"BreadcrumbList","@id":"https:\/\/www.asociacionaise.org\/index.php\/estas-invitado-a-la-cena-de-confraternizacion\/#breadcrumb","itemListElement":[{"@type":"ListItem","position":1,"name":"Portada","item":"https:\/\/www.asociacionaise.org\/"},{"@type":"ListItem","position":2,"name":"\u00a1ESTAS INVITADO A LA CENA DE CONFRATERNIZACION!"}]},{"@type":"WebSite","@id":"https:\/\/www.asociacionaise.org\/#website","url":"https:\/\/www.asociacionaise.org\/","name":"AISE","description":"Asociaci\u00f3n Internacional de Sanitarios en Espa\u00f1a","publisher":{"@id":"https:\/\/www.asociacionaise.org\/#organization"},"potentialAction":[{"@type":"SearchAction","target":{"@type":"EntryPoint","urlTemplate":"https:\/\/www.asociacionaise.org\/?s={search_term_string}"},"query-input":{"@type":"PropertyValueSpecification","valueRequired":true,"valueName":"search_term_string"}}],"inLanguage":"es"},{"@type":"Organization","@id":"https:\/\/www.asociacionaise.org\/#organization","name":"Asociacion AISE","url":"https:\/\/www.asociacionaise.org\/","logo":{"@type":"ImageObject","inLanguage":"es","@id":"https:\/\/www.asociacionaise.org\/#\/schema\/logo\/image\/","url":"http:\/\/www.asociacionaise.org\/wp-content\/uploads\/2020\/02\/logo256.png","contentUrl":"http:\/\/www.asociacionaise.org\/wp-content\/uploads\/2020\/02\/logo256.png","width":256,"height":256,"caption":"Asociacion AISE"},"image":{"@id":"https:\/\/www.asociacionaise.org\/#\/schema\/logo\/image\/"},"sameAs":["https:\/\/www.facebook.com\/AISEOrg\/","https:\/\/x.com\/ASOCIACIONAISE","https:\/\/www.instagram.com\/aise_voluntariado\/","https:\/\/www.linkedin.com\/in\/asociacion-aise-64a445147\/"]},{"@type":"Person","@id":"https:\/\/www.asociacionaise.org\/#\/schema\/person\/70ffe441b355a3fc31f91ffa0e5645c0","name":"Cristina Fern\u00e1ndez","url":"https:\/\/www.asociacionaise.org\/index.php\/author\/cristina\/"}]}},"_links":{"self":[{"href":"https:\/\/www.asociacionaise.org\/index.php\/wp-json\/wp\/v2\/posts\/3947","targetHints":{"allow":["GET"]}}],"collection":[{"href":"https:\/\/www.asociacionaise.org\/index.php\/wp-json\/wp\/v2\/posts"}],"about":[{"href":"https:\/\/www.asociacionaise.org\/index.php\/wp-json\/wp\/v2\/types\/post"}],"author":[{"embeddable":true,"href":"https:\/\/www.asociacionaise.org\/index.php\/wp-json\/wp\/v2\/users\/5"}],"replies":[{"embeddable":true,"href":"https:\/\/www.asociacionaise.org\/index.php\/wp-json\/wp\/v2\/comments?post=3947"}],"version-history":[{"count":5,"href":"https:\/\/www.asociacionaise.org\/index.php\/wp-json\/wp\/v2\/posts\/3947\/revisions"}],"predecessor-version":[{"id":3955,"href":"https:\/\/www.asociacionaise.org\/index.php\/wp-json\/wp\/v2\/posts\/3947\/revisions\/3955"}],"wp:attachment":[{"href":"https:\/\/www.asociacionaise.org\/index.php\/wp-json\/wp\/v2\/media?parent=3947"}],"wp:term":[{"taxonomy":"category","embeddable":true,"href":"https:\/\/www.asociacionaise.org\/index.php\/wp-json\/wp\/v2\/categories?post=3947"},{"taxonomy":"post_tag","embeddable":true,"href":"https:\/\/www.asociacionaise.org\/index.php\/wp-json\/wp\/v2\/tags?post=3947"}],"curies":[{"name":"wp","href":"https:\/\/api.w.org\/{rel}","templated":true}]}}