{"id":3834,"date":"2017-10-10T12:35:53","date_gmt":"2017-10-10T12:35:53","guid":{"rendered":"http:\/\/www.asociacionaise.org\/?p=3834"},"modified":"2017-12-18T12:50:35","modified_gmt":"2017-12-18T12:50:35","slug":"aise-en-la-feria-de-la-solidaridad-obrint-fronteres","status":"publish","type":"post","link":"https:\/\/www.asociacionaise.org\/index.php\/aise-en-la-feria-de-la-solidaridad-obrint-fronteres\/","title":{"rendered":"AISE en la Feria de la Solidaridad \u00abObrint Fronteres\u00bb"},"content":{"rendered":"<p><img loading=\"lazy\" decoding=\"async\" class=\"alignleft wp-image-3835 size-medium\" src=\"https:\/\/www.asociacionaise.org\/wp-content\/uploads\/2017\/12\/IMG_5833-300x225.jpg\" alt=\"\" width=\"300\" height=\"225\" srcset=\"https:\/\/www.asociacionaise.org\/wp-content\/uploads\/2017\/12\/IMG_5833-300x225.jpg 300w, https:\/\/www.asociacionaise.org\/wp-content\/uploads\/2017\/12\/IMG_5833-768x576.jpg 768w, https:\/\/www.asociacionaise.org\/wp-content\/uploads\/2017\/12\/IMG_5833-1024x768.jpg 1024w\" sizes=\"auto, (max-width: 300px) 100vw, 300px\" \/>Un a\u00f1o m\u00e1s, el Ayuntamiento de Sta Coloma de Gramenet ha preparado la Feria de la Solidaridad y la Paz, con el fin de hacer part\u00edcipe a toda la poblaci\u00f3n de las actividades de cooperaci\u00f3n que se realizan en la ciudad y, a su vez, sensibilizar de las problem\u00e1ticas que existen pasadas las fronteras espa\u00f1olas.<\/p>\n<p>AISE estuvo presente durante estos d\u00edas, destacando su papel en la Mesa \u00abBrigadas, Intercambios y Voluntarios que rompen prejuicios\u00bb el pasado s\u00e1bado 7 de octubre, donde se pudo explicar nuestra labor en Ecuador y Per\u00fa e intercambiar opiniones y experiencia con voluntarios en Kosovo y Grecia.<\/p>\n<p><img loading=\"lazy\" decoding=\"async\" class=\"size-medium wp-image-3837 alignright\" src=\"https:\/\/www.asociacionaise.org\/wp-content\/uploads\/2017\/12\/IMG_5878-300x169.jpg\" alt=\"\" width=\"300\" height=\"169\" srcset=\"https:\/\/www.asociacionaise.org\/wp-content\/uploads\/2017\/12\/IMG_5878-300x169.jpg 300w, https:\/\/www.asociacionaise.org\/wp-content\/uploads\/2017\/12\/IMG_5878-768x432.jpg 768w, https:\/\/www.asociacionaise.org\/wp-content\/uploads\/2017\/12\/IMG_5878-1024x576.jpg 1024w, https:\/\/www.asociacionaise.org\/wp-content\/uploads\/2017\/12\/IMG_5878.jpg 1600w\" sizes=\"auto, (max-width: 300px) 100vw, 300px\" \/>Adem\u00e1s el domingo tuvimos la oportunidad de difundir nuestros proyectos en la Feria de Entidades junto con otras ONG similares.<\/p>\n<p>Intercambiar experiencia siempre es enriquecedor, \u00a1hasta el a\u00f1o que viene Fira!<\/p>\n<p>&nbsp;<\/p>\n","protected":false},"excerpt":{"rendered":"<p>Un a\u00f1o m\u00e1s, el Ayuntamiento de Sta Coloma de Gramenet ha preparado la Feria de la Solidaridad y la Paz, con el fin de hacer part\u00edcipe a toda la poblaci\u00f3n de las actividades de cooperaci\u00f3n que se realizan en la ciudad y, a su vez, sensibilizar de las problem\u00e1ticas que existen pasadas las fronteras espa\u00f1olas. [&hellip;]<\/p>\n","protected":false},"author":5,"featured_media":3839,"comment_status":"closed","ping_status":"closed","sticky":false,"template":"","format":"standard","meta":{"footnotes":""},"categories":[1],"tags":[],"class_list":["post-3834","post","type-post","status-publish","format-standard","has-post-thumbnail","hentry","category-uncategorized"],"yoast_head":"<!-- This site is optimized with the Yoast SEO plugin v24.9 - https:\/\/yoast.com\/wordpress\/plugins\/seo\/ -->\n<title>AISE en la Feria de la Solidaridad &quot;Obrint Fronteres&quot; - AISE<\/title>\n<meta name=\"robots\" content=\"index, follow, max-snippet:-1, max-image-preview:large, max-video-preview:-1\" \/>\n<link rel=\"canonical\" href=\"https:\/\/www.asociacionaise.org\/index.php\/aise-en-la-feria-de-la-solidaridad-obrint-fronteres\/\" \/>\n<meta property=\"og:locale\" content=\"es_ES\" \/>\n<meta property=\"og:type\" content=\"article\" \/>\n<meta property=\"og:title\" content=\"AISE en la Feria de la Solidaridad &quot;Obrint Fronteres&quot; - AISE\" \/>\n<meta property=\"og:description\" content=\"Un a\u00f1o m\u00e1s, el Ayuntamiento de Sta Coloma de Gramenet ha preparado la Feria de la Solidaridad y la Paz, con el fin de hacer part\u00edcipe a toda la poblaci\u00f3n de las actividades de cooperaci\u00f3n que se realizan en la ciudad y, a su vez, sensibilizar de las problem\u00e1ticas que existen pasadas las fronteras espa\u00f1olas. [&hellip;]\" \/>\n<meta property=\"og:url\" content=\"https:\/\/www.asociacionaise.org\/index.php\/aise-en-la-feria-de-la-solidaridad-obrint-fronteres\/\" \/>\n<meta property=\"og:site_name\" content=\"AISE\" \/>\n<meta property=\"article:publisher\" content=\"https:\/\/www.facebook.com\/AISEOrg\/\" \/>\n<meta property=\"article:published_time\" content=\"2017-10-10T12:35:53+00:00\" \/>\n<meta property=\"article:modified_time\" content=\"2017-12-18T12:50:35+00:00\" \/>\n<meta property=\"og:image\" content=\"https:\/\/www.asociacionaise.org\/wp-content\/uploads\/2017\/10\/IMG_5826.jpg\" \/>\n\t<meta property=\"og:image:width\" content=\"3264\" \/>\n\t<meta property=\"og:image:height\" content=\"2448\" \/>\n\t<meta property=\"og:image:type\" content=\"image\/jpeg\" \/>\n<meta name=\"author\" content=\"Cristina Fern\u00e1ndez\" \/>\n<meta name=\"twitter:card\" content=\"summary_large_image\" \/>\n<meta name=\"twitter:creator\" content=\"@ASOCIACIONAISE\" \/>\n<meta name=\"twitter:site\" content=\"@ASOCIACIONAISE\" \/>\n<meta name=\"twitter:label1\" content=\"Escrito por\" \/>\n\t<meta name=\"twitter:data1\" content=\"Cristina Fern\u00e1ndez\" \/>\n\t<meta name=\"twitter:label2\" content=\"Tiempo de lectura\" \/>\n\t<meta name=\"twitter:data2\" content=\"1 minuto\" \/>\n<script type=\"application\/ld+json\" class=\"yoast-schema-graph\">{\"@context\":\"https:\/\/schema.org\",\"@graph\":[{\"@type\":\"Article\",\"@id\":\"https:\/\/www.asociacionaise.org\/index.php\/aise-en-la-feria-de-la-solidaridad-obrint-fronteres\/#article\",\"isPartOf\":{\"@id\":\"https:\/\/www.asociacionaise.org\/index.php\/aise-en-la-feria-de-la-solidaridad-obrint-fronteres\/\"},\"author\":{\"name\":\"Cristina Fern\u00e1ndez\",\"@id\":\"https:\/\/www.asociacionaise.org\/#\/schema\/person\/70ffe441b355a3fc31f91ffa0e5645c0\"},\"headline\":\"AISE en la Feria de la Solidaridad \u00abObrint Fronteres\u00bb\",\"datePublished\":\"2017-10-10T12:35:53+00:00\",\"dateModified\":\"2017-12-18T12:50:35+00:00\",\"mainEntityOfPage\":{\"@id\":\"https:\/\/www.asociacionaise.org\/index.php\/aise-en-la-feria-de-la-solidaridad-obrint-fronteres\/\"},\"wordCount\":152,\"publisher\":{\"@id\":\"https:\/\/www.asociacionaise.org\/#organization\"},\"image\":{\"@id\":\"https:\/\/www.asociacionaise.org\/index.php\/aise-en-la-feria-de-la-solidaridad-obrint-fronteres\/#primaryimage\"},\"thumbnailUrl\":\"https:\/\/www.asociacionaise.org\/wp-content\/uploads\/2017\/10\/IMG_5826.jpg\",\"articleSection\":[\"Uncategorized\"],\"inLanguage\":\"es\"},{\"@type\":\"WebPage\",\"@id\":\"https:\/\/www.asociacionaise.org\/index.php\/aise-en-la-feria-de-la-solidaridad-obrint-fronteres\/\",\"url\":\"https:\/\/www.asociacionaise.org\/index.php\/aise-en-la-feria-de-la-solidaridad-obrint-fronteres\/\",\"name\":\"AISE en la Feria de la Solidaridad \\\"Obrint Fronteres\\\" - AISE\",\"isPartOf\":{\"@id\":\"https:\/\/www.asociacionaise.org\/#website\"},\"primaryImageOfPage\":{\"@id\":\"https:\/\/www.asociacionaise.org\/index.php\/aise-en-la-feria-de-la-solidaridad-obrint-fronteres\/#primaryimage\"},\"image\":{\"@id\":\"https:\/\/www.asociacionaise.org\/index.php\/aise-en-la-feria-de-la-solidaridad-obrint-fronteres\/#primaryimage\"},\"thumbnailUrl\":\"https:\/\/www.asociacionaise.org\/wp-content\/uploads\/2017\/10\/IMG_5826.jpg\",\"datePublished\":\"2017-10-10T12:35:53+00:00\",\"dateModified\":\"2017-12-18T12:50:35+00:00\",\"breadcrumb\":{\"@id\":\"https:\/\/www.asociacionaise.org\/index.php\/aise-en-la-feria-de-la-solidaridad-obrint-fronteres\/#breadcrumb\"},\"inLanguage\":\"es\",\"potentialAction\":[{\"@type\":\"ReadAction\",\"target\":[\"https:\/\/www.asociacionaise.org\/index.php\/aise-en-la-feria-de-la-solidaridad-obrint-fronteres\/\"]}]},{\"@type\":\"ImageObject\",\"inLanguage\":\"es\",\"@id\":\"https:\/\/www.asociacionaise.org\/index.php\/aise-en-la-feria-de-la-solidaridad-obrint-fronteres\/#primaryimage\",\"url\":\"https:\/\/www.asociacionaise.org\/wp-content\/uploads\/2017\/10\/IMG_5826.jpg\",\"contentUrl\":\"https:\/\/www.asociacionaise.org\/wp-content\/uploads\/2017\/10\/IMG_5826.jpg\",\"width\":3264,\"height\":2448},{\"@type\":\"BreadcrumbList\",\"@id\":\"https:\/\/www.asociacionaise.org\/index.php\/aise-en-la-feria-de-la-solidaridad-obrint-fronteres\/#breadcrumb\",\"itemListElement\":[{\"@type\":\"ListItem\",\"position\":1,\"name\":\"Portada\",\"item\":\"https:\/\/www.asociacionaise.org\/\"},{\"@type\":\"ListItem\",\"position\":2,\"name\":\"AISE en la Feria de la Solidaridad &#8220;Obrint Fronteres&#8221;\"}]},{\"@type\":\"WebSite\",\"@id\":\"https:\/\/www.asociacionaise.org\/#website\",\"url\":\"https:\/\/www.asociacionaise.org\/\",\"name\":\"AISE\",\"description\":\"Asociaci\u00f3n Internacional de Sanitarios en Espa\u00f1a\",\"publisher\":{\"@id\":\"https:\/\/www.asociacionaise.org\/#organization\"},\"potentialAction\":[{\"@type\":\"SearchAction\",\"target\":{\"@type\":\"EntryPoint\",\"urlTemplate\":\"https:\/\/www.asociacionaise.org\/?s={search_term_string}\"},\"query-input\":{\"@type\":\"PropertyValueSpecification\",\"valueRequired\":true,\"valueName\":\"search_term_string\"}}],\"inLanguage\":\"es\"},{\"@type\":\"Organization\",\"@id\":\"https:\/\/www.asociacionaise.org\/#organization\",\"name\":\"Asociacion AISE\",\"url\":\"https:\/\/www.asociacionaise.org\/\",\"logo\":{\"@type\":\"ImageObject\",\"inLanguage\":\"es\",\"@id\":\"https:\/\/www.asociacionaise.org\/#\/schema\/logo\/image\/\",\"url\":\"http:\/\/www.asociacionaise.org\/wp-content\/uploads\/2020\/02\/logo256.png\",\"contentUrl\":\"http:\/\/www.asociacionaise.org\/wp-content\/uploads\/2020\/02\/logo256.png\",\"width\":256,\"height\":256,\"caption\":\"Asociacion AISE\"},\"image\":{\"@id\":\"https:\/\/www.asociacionaise.org\/#\/schema\/logo\/image\/\"},\"sameAs\":[\"https:\/\/www.facebook.com\/AISEOrg\/\",\"https:\/\/x.com\/ASOCIACIONAISE\",\"https:\/\/www.instagram.com\/aise_voluntariado\/\",\"https:\/\/www.linkedin.com\/in\/asociacion-aise-64a445147\/\"]},{\"@type\":\"Person\",\"@id\":\"https:\/\/www.asociacionaise.org\/#\/schema\/person\/70ffe441b355a3fc31f91ffa0e5645c0\",\"name\":\"Cristina Fern\u00e1ndez\",\"url\":\"https:\/\/www.asociacionaise.org\/index.php\/author\/cristina\/\"}]}<\/script>\n<!-- \/ Yoast SEO plugin. -->","yoast_head_json":{"title":"AISE en la Feria de la Solidaridad \"Obrint Fronteres\" - AISE","robots":{"index":"index","follow":"follow","max-snippet":"max-snippet:-1","max-image-preview":"max-image-preview:large","max-video-preview":"max-video-preview:-1"},"canonical":"https:\/\/www.asociacionaise.org\/index.php\/aise-en-la-feria-de-la-solidaridad-obrint-fronteres\/","og_locale":"es_ES","og_type":"article","og_title":"AISE en la Feria de la Solidaridad \"Obrint Fronteres\" - AISE","og_description":"Un a\u00f1o m\u00e1s, el Ayuntamiento de Sta Coloma de Gramenet ha preparado la Feria de la Solidaridad y la Paz, con el fin de hacer part\u00edcipe a toda la poblaci\u00f3n de las actividades de cooperaci\u00f3n que se realizan en la ciudad y, a su vez, sensibilizar de las problem\u00e1ticas que existen pasadas las fronteras espa\u00f1olas. [&hellip;]","og_url":"https:\/\/www.asociacionaise.org\/index.php\/aise-en-la-feria-de-la-solidaridad-obrint-fronteres\/","og_site_name":"AISE","article_publisher":"https:\/\/www.facebook.com\/AISEOrg\/","article_published_time":"2017-10-10T12:35:53+00:00","article_modified_time":"2017-12-18T12:50:35+00:00","og_image":[{"width":3264,"height":2448,"url":"https:\/\/www.asociacionaise.org\/wp-content\/uploads\/2017\/10\/IMG_5826.jpg","type":"image\/jpeg"}],"author":"Cristina Fern\u00e1ndez","twitter_card":"summary_large_image","twitter_creator":"@ASOCIACIONAISE","twitter_site":"@ASOCIACIONAISE","twitter_misc":{"Escrito por":"Cristina Fern\u00e1ndez","Tiempo de lectura":"1 minuto"},"schema":{"@context":"https:\/\/schema.org","@graph":[{"@type":"Article","@id":"https:\/\/www.asociacionaise.org\/index.php\/aise-en-la-feria-de-la-solidaridad-obrint-fronteres\/#article","isPartOf":{"@id":"https:\/\/www.asociacionaise.org\/index.php\/aise-en-la-feria-de-la-solidaridad-obrint-fronteres\/"},"author":{"name":"Cristina Fern\u00e1ndez","@id":"https:\/\/www.asociacionaise.org\/#\/schema\/person\/70ffe441b355a3fc31f91ffa0e5645c0"},"headline":"AISE en la Feria de la Solidaridad \u00abObrint Fronteres\u00bb","datePublished":"2017-10-10T12:35:53+00:00","dateModified":"2017-12-18T12:50:35+00:00","mainEntityOfPage":{"@id":"https:\/\/www.asociacionaise.org\/index.php\/aise-en-la-feria-de-la-solidaridad-obrint-fronteres\/"},"wordCount":152,"publisher":{"@id":"https:\/\/www.asociacionaise.org\/#organization"},"image":{"@id":"https:\/\/www.asociacionaise.org\/index.php\/aise-en-la-feria-de-la-solidaridad-obrint-fronteres\/#primaryimage"},"thumbnailUrl":"https:\/\/www.asociacionaise.org\/wp-content\/uploads\/2017\/10\/IMG_5826.jpg","articleSection":["Uncategorized"],"inLanguage":"es"},{"@type":"WebPage","@id":"https:\/\/www.asociacionaise.org\/index.php\/aise-en-la-feria-de-la-solidaridad-obrint-fronteres\/","url":"https:\/\/www.asociacionaise.org\/index.php\/aise-en-la-feria-de-la-solidaridad-obrint-fronteres\/","name":"AISE en la Feria de la Solidaridad \"Obrint Fronteres\" - AISE","isPartOf":{"@id":"https:\/\/www.asociacionaise.org\/#website"},"primaryImageOfPage":{"@id":"https:\/\/www.asociacionaise.org\/index.php\/aise-en-la-feria-de-la-solidaridad-obrint-fronteres\/#primaryimage"},"image":{"@id":"https:\/\/www.asociacionaise.org\/index.php\/aise-en-la-feria-de-la-solidaridad-obrint-fronteres\/#primaryimage"},"thumbnailUrl":"https:\/\/www.asociacionaise.org\/wp-content\/uploads\/2017\/10\/IMG_5826.jpg","datePublished":"2017-10-10T12:35:53+00:00","dateModified":"2017-12-18T12:50:35+00:00","breadcrumb":{"@id":"https:\/\/www.asociacionaise.org\/index.php\/aise-en-la-feria-de-la-solidaridad-obrint-fronteres\/#breadcrumb"},"inLanguage":"es","potentialAction":[{"@type":"ReadAction","target":["https:\/\/www.asociacionaise.org\/index.php\/aise-en-la-feria-de-la-solidaridad-obrint-fronteres\/"]}]},{"@type":"ImageObject","inLanguage":"es","@id":"https:\/\/www.asociacionaise.org\/index.php\/aise-en-la-feria-de-la-solidaridad-obrint-fronteres\/#primaryimage","url":"https:\/\/www.asociacionaise.org\/wp-content\/uploads\/2017\/10\/IMG_5826.jpg","contentUrl":"https:\/\/www.asociacionaise.org\/wp-content\/uploads\/2017\/10\/IMG_5826.jpg","width":3264,"height":2448},{"@type":"BreadcrumbList","@id":"https:\/\/www.asociacionaise.org\/index.php\/aise-en-la-feria-de-la-solidaridad-obrint-fronteres\/#breadcrumb","itemListElement":[{"@type":"ListItem","position":1,"name":"Portada","item":"https:\/\/www.asociacionaise.org\/"},{"@type":"ListItem","position":2,"name":"AISE en la Feria de la Solidaridad &#8220;Obrint Fronteres&#8221;"}]},{"@type":"WebSite","@id":"https:\/\/www.asociacionaise.org\/#website","url":"https:\/\/www.asociacionaise.org\/","name":"AISE","description":"Asociaci\u00f3n Internacional de Sanitarios en Espa\u00f1a","publisher":{"@id":"https:\/\/www.asociacionaise.org\/#organization"},"potentialAction":[{"@type":"SearchAction","target":{"@type":"EntryPoint","urlTemplate":"https:\/\/www.asociacionaise.org\/?s={search_term_string}"},"query-input":{"@type":"PropertyValueSpecification","valueRequired":true,"valueName":"search_term_string"}}],"inLanguage":"es"},{"@type":"Organization","@id":"https:\/\/www.asociacionaise.org\/#organization","name":"Asociacion AISE","url":"https:\/\/www.asociacionaise.org\/","logo":{"@type":"ImageObject","inLanguage":"es","@id":"https:\/\/www.asociacionaise.org\/#\/schema\/logo\/image\/","url":"http:\/\/www.asociacionaise.org\/wp-content\/uploads\/2020\/02\/logo256.png","contentUrl":"http:\/\/www.asociacionaise.org\/wp-content\/uploads\/2020\/02\/logo256.png","width":256,"height":256,"caption":"Asociacion AISE"},"image":{"@id":"https:\/\/www.asociacionaise.org\/#\/schema\/logo\/image\/"},"sameAs":["https:\/\/www.facebook.com\/AISEOrg\/","https:\/\/x.com\/ASOCIACIONAISE","https:\/\/www.instagram.com\/aise_voluntariado\/","https:\/\/www.linkedin.com\/in\/asociacion-aise-64a445147\/"]},{"@type":"Person","@id":"https:\/\/www.asociacionaise.org\/#\/schema\/person\/70ffe441b355a3fc31f91ffa0e5645c0","name":"Cristina Fern\u00e1ndez","url":"https:\/\/www.asociacionaise.org\/index.php\/author\/cristina\/"}]}},"_links":{"self":[{"href":"https:\/\/www.asociacionaise.org\/index.php\/wp-json\/wp\/v2\/posts\/3834","targetHints":{"allow":["GET"]}}],"collection":[{"href":"https:\/\/www.asociacionaise.org\/index.php\/wp-json\/wp\/v2\/posts"}],"about":[{"href":"https:\/\/www.asociacionaise.org\/index.php\/wp-json\/wp\/v2\/types\/post"}],"author":[{"embeddable":true,"href":"https:\/\/www.asociacionaise.org\/index.php\/wp-json\/wp\/v2\/users\/5"}],"replies":[{"embeddable":true,"href":"https:\/\/www.asociacionaise.org\/index.php\/wp-json\/wp\/v2\/comments?post=3834"}],"version-history":[{"count":1,"href":"https:\/\/www.asociacionaise.org\/index.php\/wp-json\/wp\/v2\/posts\/3834\/revisions"}],"predecessor-version":[{"id":3838,"href":"https:\/\/www.asociacionaise.org\/index.php\/wp-json\/wp\/v2\/posts\/3834\/revisions\/3838"}],"wp:featuredmedia":[{"embeddable":true,"href":"https:\/\/www.asociacionaise.org\/index.php\/wp-json\/wp\/v2\/media\/3839"}],"wp:attachment":[{"href":"https:\/\/www.asociacionaise.org\/index.php\/wp-json\/wp\/v2\/media?parent=3834"}],"wp:term":[{"taxonomy":"category","embeddable":true,"href":"https:\/\/www.asociacionaise.org\/index.php\/wp-json\/wp\/v2\/categories?post=3834"},{"taxonomy":"post_tag","embeddable":true,"href":"https:\/\/www.asociacionaise.org\/index.php\/wp-json\/wp\/v2\/tags?post=3834"}],"curies":[{"name":"wp","href":"https:\/\/api.w.org\/{rel}","templated":true}]}}