{"id":3465,"date":"2017-08-06T13:55:48","date_gmt":"2017-08-06T13:55:48","guid":{"rendered":"http:\/\/www.asociacionaise.org\/?p=3465"},"modified":"2017-08-06T13:58:12","modified_gmt":"2017-08-06T13:58:12","slug":"aise-con-el-deporte","status":"publish","type":"post","link":"https:\/\/www.asociacionaise.org\/index.php\/aise-con-el-deporte\/","title":{"rendered":"\u00a1AISE con el deporte!"},"content":{"rendered":"<p style=\"text-align: center;\">\u00a1No podemos parar!<\/p>\n<p style=\"text-align: center;\">\u00a1Nuestra motivaci\u00f3n nos ayuda a llegar m\u00e1s lejos y esta vez lo hacemos con la pelota!<\/p>\n<p style=\"text-align: justify;\">M\u00e1s de mil ni\u00f1os en la Manga del Cura y Los R\u00edos se benefician del deporte gracias a las escuelas de f\u00fatbol creadas por el CD AISE- Almeda con el total soporte de AISE y del CD Almeda desde Espa\u00f1a. Desde su creaci\u00f3n, hace tan solo un a\u00f1o, ya hemos conseguido enviar a entrenadores de f\u00fatbol espa\u00f1oles a apoyar a los aut\u00f3ctonos, form\u00e1ndoles y apoy\u00e1ndoles en su trabajo diario, en la organizaci\u00f3n de la escuela y en la puesta en marcha de encuentros amistosos con otros equipos. Adem\u00e1s los ni\u00f1os han recibido y siguen recibiendo ropa deportiva, material de entreno y asistencia sanitaria una vez por semana. Desde Espa\u00f1a nos esforzamos por conseguir profesionales y donaciones materiales y econ\u00f3micas que voluntarios transportan hasta Ecuador, y all\u00ed nuestra coordinadora en el terreno, la Sra Amelia Ochoa, reparte entre las escuelas seg\u00fan las necesidades de cada lugar.<\/p>\n<p style=\"text-align: justify;\">Hace poco pudimos disfrutar del gran trabajo del monitor voluntario Carlos Selvi, que visit\u00f3 las escuelas del Club en la Manga del Cura, Buena Fe, el recinto La Luz y el recinto de Palenque, ense\u00f1ando lo que sabe a m\u00e1s de 400 ni\u00f1os y apoyando a sus referentes durante varias semanas; adem\u00e1s de ayudarles a organizar el primer torneo de la selecci\u00f3n ONG AISE Almeda y que los ni\u00f1os pudieran disfrutar de una fiesta del f\u00fatbol como se merecen.<\/p>\n<p style=\"text-align: justify;\">Adem\u00e1s desde la creaci\u00f3n del Club, personal sanitario (entre ellos m\u00e9dicos, dietistas, enfermeras psic\u00f3logos, etc) visitan una vez a la semana las escuelas para realizar asistencia sanitaria y charlas de sensibilizaci\u00f3n a ninos y sus familias con el fin de mejorar su salud y prevenir enfermedades.<\/p>\n<p style=\"text-align: center;\">Gracias al granito de arena de cientos de vosotros, hacemos posible que muchos ni\u00f1os crezcan en un entorno m\u00e1s seguro y feliz.<\/p>\n<p>&nbsp;<\/p>\n","protected":false},"excerpt":{"rendered":"<p>\u00a1No podemos parar! \u00a1Nuestra motivaci\u00f3n nos ayuda a llegar m\u00e1s lejos y esta vez lo hacemos con la pelota! M\u00e1s de mil ni\u00f1os en la Manga del Cura y Los R\u00edos se benefician del deporte gracias a las escuelas de f\u00fatbol creadas por el CD AISE- Almeda con el total soporte de AISE y del [&hellip;]<\/p>\n","protected":false},"author":5,"featured_media":3486,"comment_status":"closed","ping_status":"closed","sticky":false,"template":"","format":"standard","meta":{"footnotes":""},"categories":[1],"tags":[],"class_list":["post-3465","post","type-post","status-publish","format-standard","has-post-thumbnail","hentry","category-uncategorized"],"yoast_head":"<!-- This site is optimized with the Yoast SEO plugin v24.9 - https:\/\/yoast.com\/wordpress\/plugins\/seo\/ -->\n<title>\u00a1AISE con el deporte! - AISE<\/title>\n<meta name=\"robots\" content=\"index, follow, max-snippet:-1, max-image-preview:large, max-video-preview:-1\" \/>\n<link rel=\"canonical\" href=\"https:\/\/www.asociacionaise.org\/index.php\/aise-con-el-deporte\/\" \/>\n<meta property=\"og:locale\" content=\"es_ES\" \/>\n<meta property=\"og:type\" content=\"article\" \/>\n<meta property=\"og:title\" content=\"\u00a1AISE con el deporte! - AISE\" \/>\n<meta property=\"og:description\" content=\"\u00a1No podemos parar! \u00a1Nuestra motivaci\u00f3n nos ayuda a llegar m\u00e1s lejos y esta vez lo hacemos con la pelota! M\u00e1s de mil ni\u00f1os en la Manga del Cura y Los R\u00edos se benefician del deporte gracias a las escuelas de f\u00fatbol creadas por el CD AISE- Almeda con el total soporte de AISE y del [&hellip;]\" \/>\n<meta property=\"og:url\" content=\"https:\/\/www.asociacionaise.org\/index.php\/aise-con-el-deporte\/\" \/>\n<meta property=\"og:site_name\" content=\"AISE\" \/>\n<meta property=\"article:publisher\" content=\"https:\/\/www.facebook.com\/AISEOrg\/\" \/>\n<meta property=\"article:published_time\" content=\"2017-08-06T13:55:48+00:00\" \/>\n<meta property=\"article:modified_time\" content=\"2017-08-06T13:58:12+00:00\" \/>\n<meta property=\"og:image\" content=\"https:\/\/www.asociacionaise.org\/wp-content\/uploads\/2017\/08\/CARLOS-SELVI-2017.jpg\" \/>\n\t<meta property=\"og:image:width\" content=\"1021\" \/>\n\t<meta property=\"og:image:height\" content=\"546\" \/>\n\t<meta property=\"og:image:type\" content=\"image\/jpeg\" \/>\n<meta name=\"author\" content=\"Cristina Fern\u00e1ndez\" \/>\n<meta name=\"twitter:card\" content=\"summary_large_image\" \/>\n<meta name=\"twitter:creator\" content=\"@ASOCIACIONAISE\" \/>\n<meta name=\"twitter:site\" content=\"@ASOCIACIONAISE\" \/>\n<meta name=\"twitter:label1\" content=\"Escrito por\" \/>\n\t<meta name=\"twitter:data1\" content=\"Cristina Fern\u00e1ndez\" \/>\n\t<meta name=\"twitter:label2\" content=\"Tiempo de lectura\" \/>\n\t<meta name=\"twitter:data2\" content=\"2 minutos\" \/>\n<script type=\"application\/ld+json\" class=\"yoast-schema-graph\">{\"@context\":\"https:\/\/schema.org\",\"@graph\":[{\"@type\":\"Article\",\"@id\":\"https:\/\/www.asociacionaise.org\/index.php\/aise-con-el-deporte\/#article\",\"isPartOf\":{\"@id\":\"https:\/\/www.asociacionaise.org\/index.php\/aise-con-el-deporte\/\"},\"author\":{\"name\":\"Cristina Fern\u00e1ndez\",\"@id\":\"https:\/\/www.asociacionaise.org\/#\/schema\/person\/70ffe441b355a3fc31f91ffa0e5645c0\"},\"headline\":\"\u00a1AISE con el deporte!\",\"datePublished\":\"2017-08-06T13:55:48+00:00\",\"dateModified\":\"2017-08-06T13:58:12+00:00\",\"mainEntityOfPage\":{\"@id\":\"https:\/\/www.asociacionaise.org\/index.php\/aise-con-el-deporte\/\"},\"wordCount\":349,\"publisher\":{\"@id\":\"https:\/\/www.asociacionaise.org\/#organization\"},\"image\":{\"@id\":\"https:\/\/www.asociacionaise.org\/index.php\/aise-con-el-deporte\/#primaryimage\"},\"thumbnailUrl\":\"https:\/\/www.asociacionaise.org\/wp-content\/uploads\/2017\/08\/CARLOS-SELVI-2017.jpg\",\"articleSection\":[\"Uncategorized\"],\"inLanguage\":\"es\"},{\"@type\":\"WebPage\",\"@id\":\"https:\/\/www.asociacionaise.org\/index.php\/aise-con-el-deporte\/\",\"url\":\"https:\/\/www.asociacionaise.org\/index.php\/aise-con-el-deporte\/\",\"name\":\"\u00a1AISE con el deporte! - AISE\",\"isPartOf\":{\"@id\":\"https:\/\/www.asociacionaise.org\/#website\"},\"primaryImageOfPage\":{\"@id\":\"https:\/\/www.asociacionaise.org\/index.php\/aise-con-el-deporte\/#primaryimage\"},\"image\":{\"@id\":\"https:\/\/www.asociacionaise.org\/index.php\/aise-con-el-deporte\/#primaryimage\"},\"thumbnailUrl\":\"https:\/\/www.asociacionaise.org\/wp-content\/uploads\/2017\/08\/CARLOS-SELVI-2017.jpg\",\"datePublished\":\"2017-08-06T13:55:48+00:00\",\"dateModified\":\"2017-08-06T13:58:12+00:00\",\"breadcrumb\":{\"@id\":\"https:\/\/www.asociacionaise.org\/index.php\/aise-con-el-deporte\/#breadcrumb\"},\"inLanguage\":\"es\",\"potentialAction\":[{\"@type\":\"ReadAction\",\"target\":[\"https:\/\/www.asociacionaise.org\/index.php\/aise-con-el-deporte\/\"]}]},{\"@type\":\"ImageObject\",\"inLanguage\":\"es\",\"@id\":\"https:\/\/www.asociacionaise.org\/index.php\/aise-con-el-deporte\/#primaryimage\",\"url\":\"https:\/\/www.asociacionaise.org\/wp-content\/uploads\/2017\/08\/CARLOS-SELVI-2017.jpg\",\"contentUrl\":\"https:\/\/www.asociacionaise.org\/wp-content\/uploads\/2017\/08\/CARLOS-SELVI-2017.jpg\",\"width\":1021,\"height\":546},{\"@type\":\"BreadcrumbList\",\"@id\":\"https:\/\/www.asociacionaise.org\/index.php\/aise-con-el-deporte\/#breadcrumb\",\"itemListElement\":[{\"@type\":\"ListItem\",\"position\":1,\"name\":\"Portada\",\"item\":\"https:\/\/www.asociacionaise.org\/\"},{\"@type\":\"ListItem\",\"position\":2,\"name\":\"\u00a1AISE con el deporte!\"}]},{\"@type\":\"WebSite\",\"@id\":\"https:\/\/www.asociacionaise.org\/#website\",\"url\":\"https:\/\/www.asociacionaise.org\/\",\"name\":\"AISE\",\"description\":\"Asociaci\u00f3n Internacional de Sanitarios en Espa\u00f1a\",\"publisher\":{\"@id\":\"https:\/\/www.asociacionaise.org\/#organization\"},\"potentialAction\":[{\"@type\":\"SearchAction\",\"target\":{\"@type\":\"EntryPoint\",\"urlTemplate\":\"https:\/\/www.asociacionaise.org\/?s={search_term_string}\"},\"query-input\":{\"@type\":\"PropertyValueSpecification\",\"valueRequired\":true,\"valueName\":\"search_term_string\"}}],\"inLanguage\":\"es\"},{\"@type\":\"Organization\",\"@id\":\"https:\/\/www.asociacionaise.org\/#organization\",\"name\":\"Asociacion AISE\",\"url\":\"https:\/\/www.asociacionaise.org\/\",\"logo\":{\"@type\":\"ImageObject\",\"inLanguage\":\"es\",\"@id\":\"https:\/\/www.asociacionaise.org\/#\/schema\/logo\/image\/\",\"url\":\"http:\/\/www.asociacionaise.org\/wp-content\/uploads\/2020\/02\/logo256.png\",\"contentUrl\":\"http:\/\/www.asociacionaise.org\/wp-content\/uploads\/2020\/02\/logo256.png\",\"width\":256,\"height\":256,\"caption\":\"Asociacion AISE\"},\"image\":{\"@id\":\"https:\/\/www.asociacionaise.org\/#\/schema\/logo\/image\/\"},\"sameAs\":[\"https:\/\/www.facebook.com\/AISEOrg\/\",\"https:\/\/x.com\/ASOCIACIONAISE\",\"https:\/\/www.instagram.com\/aise_voluntariado\/\",\"https:\/\/www.linkedin.com\/in\/asociacion-aise-64a445147\/\"]},{\"@type\":\"Person\",\"@id\":\"https:\/\/www.asociacionaise.org\/#\/schema\/person\/70ffe441b355a3fc31f91ffa0e5645c0\",\"name\":\"Cristina Fern\u00e1ndez\",\"url\":\"https:\/\/www.asociacionaise.org\/index.php\/author\/cristina\/\"}]}<\/script>\n<!-- \/ Yoast SEO plugin. -->","yoast_head_json":{"title":"\u00a1AISE con el deporte! - AISE","robots":{"index":"index","follow":"follow","max-snippet":"max-snippet:-1","max-image-preview":"max-image-preview:large","max-video-preview":"max-video-preview:-1"},"canonical":"https:\/\/www.asociacionaise.org\/index.php\/aise-con-el-deporte\/","og_locale":"es_ES","og_type":"article","og_title":"\u00a1AISE con el deporte! - AISE","og_description":"\u00a1No podemos parar! \u00a1Nuestra motivaci\u00f3n nos ayuda a llegar m\u00e1s lejos y esta vez lo hacemos con la pelota! M\u00e1s de mil ni\u00f1os en la Manga del Cura y Los R\u00edos se benefician del deporte gracias a las escuelas de f\u00fatbol creadas por el CD AISE- Almeda con el total soporte de AISE y del [&hellip;]","og_url":"https:\/\/www.asociacionaise.org\/index.php\/aise-con-el-deporte\/","og_site_name":"AISE","article_publisher":"https:\/\/www.facebook.com\/AISEOrg\/","article_published_time":"2017-08-06T13:55:48+00:00","article_modified_time":"2017-08-06T13:58:12+00:00","og_image":[{"width":1021,"height":546,"url":"https:\/\/www.asociacionaise.org\/wp-content\/uploads\/2017\/08\/CARLOS-SELVI-2017.jpg","type":"image\/jpeg"}],"author":"Cristina Fern\u00e1ndez","twitter_card":"summary_large_image","twitter_creator":"@ASOCIACIONAISE","twitter_site":"@ASOCIACIONAISE","twitter_misc":{"Escrito por":"Cristina Fern\u00e1ndez","Tiempo de lectura":"2 minutos"},"schema":{"@context":"https:\/\/schema.org","@graph":[{"@type":"Article","@id":"https:\/\/www.asociacionaise.org\/index.php\/aise-con-el-deporte\/#article","isPartOf":{"@id":"https:\/\/www.asociacionaise.org\/index.php\/aise-con-el-deporte\/"},"author":{"name":"Cristina Fern\u00e1ndez","@id":"https:\/\/www.asociacionaise.org\/#\/schema\/person\/70ffe441b355a3fc31f91ffa0e5645c0"},"headline":"\u00a1AISE con el deporte!","datePublished":"2017-08-06T13:55:48+00:00","dateModified":"2017-08-06T13:58:12+00:00","mainEntityOfPage":{"@id":"https:\/\/www.asociacionaise.org\/index.php\/aise-con-el-deporte\/"},"wordCount":349,"publisher":{"@id":"https:\/\/www.asociacionaise.org\/#organization"},"image":{"@id":"https:\/\/www.asociacionaise.org\/index.php\/aise-con-el-deporte\/#primaryimage"},"thumbnailUrl":"https:\/\/www.asociacionaise.org\/wp-content\/uploads\/2017\/08\/CARLOS-SELVI-2017.jpg","articleSection":["Uncategorized"],"inLanguage":"es"},{"@type":"WebPage","@id":"https:\/\/www.asociacionaise.org\/index.php\/aise-con-el-deporte\/","url":"https:\/\/www.asociacionaise.org\/index.php\/aise-con-el-deporte\/","name":"\u00a1AISE con el deporte! - AISE","isPartOf":{"@id":"https:\/\/www.asociacionaise.org\/#website"},"primaryImageOfPage":{"@id":"https:\/\/www.asociacionaise.org\/index.php\/aise-con-el-deporte\/#primaryimage"},"image":{"@id":"https:\/\/www.asociacionaise.org\/index.php\/aise-con-el-deporte\/#primaryimage"},"thumbnailUrl":"https:\/\/www.asociacionaise.org\/wp-content\/uploads\/2017\/08\/CARLOS-SELVI-2017.jpg","datePublished":"2017-08-06T13:55:48+00:00","dateModified":"2017-08-06T13:58:12+00:00","breadcrumb":{"@id":"https:\/\/www.asociacionaise.org\/index.php\/aise-con-el-deporte\/#breadcrumb"},"inLanguage":"es","potentialAction":[{"@type":"ReadAction","target":["https:\/\/www.asociacionaise.org\/index.php\/aise-con-el-deporte\/"]}]},{"@type":"ImageObject","inLanguage":"es","@id":"https:\/\/www.asociacionaise.org\/index.php\/aise-con-el-deporte\/#primaryimage","url":"https:\/\/www.asociacionaise.org\/wp-content\/uploads\/2017\/08\/CARLOS-SELVI-2017.jpg","contentUrl":"https:\/\/www.asociacionaise.org\/wp-content\/uploads\/2017\/08\/CARLOS-SELVI-2017.jpg","width":1021,"height":546},{"@type":"BreadcrumbList","@id":"https:\/\/www.asociacionaise.org\/index.php\/aise-con-el-deporte\/#breadcrumb","itemListElement":[{"@type":"ListItem","position":1,"name":"Portada","item":"https:\/\/www.asociacionaise.org\/"},{"@type":"ListItem","position":2,"name":"\u00a1AISE con el deporte!"}]},{"@type":"WebSite","@id":"https:\/\/www.asociacionaise.org\/#website","url":"https:\/\/www.asociacionaise.org\/","name":"AISE","description":"Asociaci\u00f3n Internacional de Sanitarios en Espa\u00f1a","publisher":{"@id":"https:\/\/www.asociacionaise.org\/#organization"},"potentialAction":[{"@type":"SearchAction","target":{"@type":"EntryPoint","urlTemplate":"https:\/\/www.asociacionaise.org\/?s={search_term_string}"},"query-input":{"@type":"PropertyValueSpecification","valueRequired":true,"valueName":"search_term_string"}}],"inLanguage":"es"},{"@type":"Organization","@id":"https:\/\/www.asociacionaise.org\/#organization","name":"Asociacion AISE","url":"https:\/\/www.asociacionaise.org\/","logo":{"@type":"ImageObject","inLanguage":"es","@id":"https:\/\/www.asociacionaise.org\/#\/schema\/logo\/image\/","url":"http:\/\/www.asociacionaise.org\/wp-content\/uploads\/2020\/02\/logo256.png","contentUrl":"http:\/\/www.asociacionaise.org\/wp-content\/uploads\/2020\/02\/logo256.png","width":256,"height":256,"caption":"Asociacion AISE"},"image":{"@id":"https:\/\/www.asociacionaise.org\/#\/schema\/logo\/image\/"},"sameAs":["https:\/\/www.facebook.com\/AISEOrg\/","https:\/\/x.com\/ASOCIACIONAISE","https:\/\/www.instagram.com\/aise_voluntariado\/","https:\/\/www.linkedin.com\/in\/asociacion-aise-64a445147\/"]},{"@type":"Person","@id":"https:\/\/www.asociacionaise.org\/#\/schema\/person\/70ffe441b355a3fc31f91ffa0e5645c0","name":"Cristina Fern\u00e1ndez","url":"https:\/\/www.asociacionaise.org\/index.php\/author\/cristina\/"}]}},"_links":{"self":[{"href":"https:\/\/www.asociacionaise.org\/index.php\/wp-json\/wp\/v2\/posts\/3465","targetHints":{"allow":["GET"]}}],"collection":[{"href":"https:\/\/www.asociacionaise.org\/index.php\/wp-json\/wp\/v2\/posts"}],"about":[{"href":"https:\/\/www.asociacionaise.org\/index.php\/wp-json\/wp\/v2\/types\/post"}],"author":[{"embeddable":true,"href":"https:\/\/www.asociacionaise.org\/index.php\/wp-json\/wp\/v2\/users\/5"}],"replies":[{"embeddable":true,"href":"https:\/\/www.asociacionaise.org\/index.php\/wp-json\/wp\/v2\/comments?post=3465"}],"version-history":[{"count":8,"href":"https:\/\/www.asociacionaise.org\/index.php\/wp-json\/wp\/v2\/posts\/3465\/revisions"}],"predecessor-version":[{"id":3489,"href":"https:\/\/www.asociacionaise.org\/index.php\/wp-json\/wp\/v2\/posts\/3465\/revisions\/3489"}],"wp:featuredmedia":[{"embeddable":true,"href":"https:\/\/www.asociacionaise.org\/index.php\/wp-json\/wp\/v2\/media\/3486"}],"wp:attachment":[{"href":"https:\/\/www.asociacionaise.org\/index.php\/wp-json\/wp\/v2\/media?parent=3465"}],"wp:term":[{"taxonomy":"category","embeddable":true,"href":"https:\/\/www.asociacionaise.org\/index.php\/wp-json\/wp\/v2\/categories?post=3465"},{"taxonomy":"post_tag","embeddable":true,"href":"https:\/\/www.asociacionaise.org\/index.php\/wp-json\/wp\/v2\/tags?post=3465"}],"curies":[{"name":"wp","href":"https:\/\/api.w.org\/{rel}","templated":true}]}}