{"id":2863,"date":"2016-05-27T04:01:43","date_gmt":"2016-05-27T04:01:43","guid":{"rendered":"http:\/\/www.asociacionaise.org\/?p=2863"},"modified":"2016-05-27T04:08:55","modified_gmt":"2016-05-27T04:08:55","slug":"aise-con-los-afectados-del-terremoto","status":"publish","type":"post","link":"https:\/\/www.asociacionaise.org\/index.php\/aise-con-los-afectados-del-terremoto\/","title":{"rendered":"AISE con los damnificados del terremoto"},"content":{"rendered":"<p>AISE no ha parado de trabajar desde aquel terrible 16 de abril en el que el terremoto abati\u00f3 la zona costera de Ecuador.<\/p>\n<p><a href=\"https:\/\/www.asociacionaise.org\/wp-content\/uploads\/2016\/05\/2fba107e-f6e1-4436-b898-e6753936a79a.jpg\"><img loading=\"lazy\" decoding=\"async\" class=\"size-medium wp-image-2866 alignright\" alt=\"2fba107e-f6e1-4436-b898-e6753936a79a\" src=\"https:\/\/www.asociacionaise.org\/wp-content\/uploads\/2016\/05\/2fba107e-f6e1-4436-b898-e6753936a79a-300x225.jpg\" width=\"300\" height=\"225\" srcset=\"https:\/\/www.asociacionaise.org\/wp-content\/uploads\/2016\/05\/2fba107e-f6e1-4436-b898-e6753936a79a-300x225.jpg 300w, https:\/\/www.asociacionaise.org\/wp-content\/uploads\/2016\/05\/2fba107e-f6e1-4436-b898-e6753936a79a-1024x768.jpg 1024w, https:\/\/www.asociacionaise.org\/wp-content\/uploads\/2016\/05\/2fba107e-f6e1-4436-b898-e6753936a79a.jpg 1084w\" sizes=\"auto, (max-width: 300px) 100vw, 300px\" \/><\/a>Desde entonces hemos conseguido casi 100kg de medicaci\u00f3n y material sanitario,\u00a0gracias a voluntarios que se esfuerzan por donar y a responsables de zona que se encargan de reunir y enviar a nuestra sede todo el material recaudado en\u00a0su ciudad de residencia. \u00a1Y\u00a0seguimos recogiendo medicaci\u00f3n!<\/p>\n<p>A su vez, ya hemos recaudado m\u00e1s de 2.000 euros de personas sensibilizadas por la causa, se est\u00e1n valorando las necesidades reales y durante los pr\u00f3ximos meses de junio y julio se decidir\u00e1 su utilidad. Si deseas donar, \u00a1a\u00fan estas a tiempo!<\/p>\n<p>Hasta ahora 10 voluntarios de AISE han estado o est\u00e1n actualmente colaborando en las zonas rurales m\u00e1s afectadas por el terremoto, ofreciendo visitas sanitarias, medicaci\u00f3n necesaria y entrega de v\u00edveres. Gracias a la Fundaci\u00f3n Solidaridad Ecuador que han acogido y gestionado la logistica de dichos profesionales, la zona de Chone, Portoviejo y Pedernales esta siendo apoyada con recursos humanos y materiales.<\/p>\n<p>Os informamos que seguiremos enviando voluntarios con perfil de m\u00e9dico, enfermero, psic\u00f3logo y trabajador social hasta el mes de agosto. Consultad fechas de salidas y condiciones en el mail aisecoordinacionbarcelona@gmail.com.<\/p>\n<p>&nbsp;<\/p>\n","protected":false},"excerpt":{"rendered":"<p>AISE no ha parado de trabajar desde aquel terrible 16 de abril en el que el terremoto abati\u00f3 la zona costera de Ecuador. Desde entonces hemos conseguido casi 100kg de medicaci\u00f3n y material sanitario,\u00a0gracias a voluntarios que se esfuerzan por donar y a responsables de zona que se encargan de reunir y enviar a nuestra [&hellip;]<\/p>\n","protected":false},"author":5,"featured_media":2867,"comment_status":"closed","ping_status":"closed","sticky":false,"template":"","format":"standard","meta":{"footnotes":""},"categories":[1],"tags":[],"class_list":["post-2863","post","type-post","status-publish","format-standard","has-post-thumbnail","hentry","category-uncategorized"],"yoast_head":"<!-- This site is optimized with the Yoast SEO plugin v24.9 - https:\/\/yoast.com\/wordpress\/plugins\/seo\/ -->\n<title>AISE con los damnificados del terremoto - AISE<\/title>\n<meta name=\"robots\" content=\"index, follow, max-snippet:-1, max-image-preview:large, max-video-preview:-1\" \/>\n<link rel=\"canonical\" href=\"https:\/\/www.asociacionaise.org\/index.php\/aise-con-los-afectados-del-terremoto\/\" \/>\n<meta property=\"og:locale\" content=\"es_ES\" \/>\n<meta property=\"og:type\" content=\"article\" \/>\n<meta property=\"og:title\" content=\"AISE con los damnificados del terremoto - AISE\" \/>\n<meta property=\"og:description\" content=\"AISE no ha parado de trabajar desde aquel terrible 16 de abril en el que el terremoto abati\u00f3 la zona costera de Ecuador. Desde entonces hemos conseguido casi 100kg de medicaci\u00f3n y material sanitario,\u00a0gracias a voluntarios que se esfuerzan por donar y a responsables de zona que se encargan de reunir y enviar a nuestra [&hellip;]\" \/>\n<meta property=\"og:url\" content=\"https:\/\/www.asociacionaise.org\/index.php\/aise-con-los-afectados-del-terremoto\/\" \/>\n<meta property=\"og:site_name\" content=\"AISE\" \/>\n<meta property=\"article:publisher\" content=\"https:\/\/www.facebook.com\/AISEOrg\/\" \/>\n<meta property=\"article:published_time\" content=\"2016-05-27T04:01:43+00:00\" \/>\n<meta property=\"article:modified_time\" content=\"2016-05-27T04:08:55+00:00\" \/>\n<meta property=\"og:image\" content=\"https:\/\/www.asociacionaise.org\/wp-content\/uploads\/2016\/05\/IMG_4286.jpg\" \/>\n\t<meta property=\"og:image:width\" content=\"1600\" \/>\n\t<meta property=\"og:image:height\" content=\"1200\" \/>\n\t<meta property=\"og:image:type\" content=\"image\/jpeg\" \/>\n<meta name=\"author\" content=\"Cristina Fern\u00e1ndez\" \/>\n<meta name=\"twitter:card\" content=\"summary_large_image\" \/>\n<meta name=\"twitter:creator\" content=\"@ASOCIACIONAISE\" \/>\n<meta name=\"twitter:site\" content=\"@ASOCIACIONAISE\" \/>\n<meta name=\"twitter:label1\" content=\"Escrito por\" \/>\n\t<meta name=\"twitter:data1\" content=\"Cristina Fern\u00e1ndez\" \/>\n\t<meta name=\"twitter:label2\" content=\"Tiempo de lectura\" \/>\n\t<meta name=\"twitter:data2\" content=\"1 minuto\" \/>\n<script type=\"application\/ld+json\" class=\"yoast-schema-graph\">{\"@context\":\"https:\/\/schema.org\",\"@graph\":[{\"@type\":\"Article\",\"@id\":\"https:\/\/www.asociacionaise.org\/index.php\/aise-con-los-afectados-del-terremoto\/#article\",\"isPartOf\":{\"@id\":\"https:\/\/www.asociacionaise.org\/index.php\/aise-con-los-afectados-del-terremoto\/\"},\"author\":{\"name\":\"Cristina Fern\u00e1ndez\",\"@id\":\"https:\/\/www.asociacionaise.org\/#\/schema\/person\/70ffe441b355a3fc31f91ffa0e5645c0\"},\"headline\":\"AISE con los damnificados del terremoto\",\"datePublished\":\"2016-05-27T04:01:43+00:00\",\"dateModified\":\"2016-05-27T04:08:55+00:00\",\"mainEntityOfPage\":{\"@id\":\"https:\/\/www.asociacionaise.org\/index.php\/aise-con-los-afectados-del-terremoto\/\"},\"wordCount\":222,\"publisher\":{\"@id\":\"https:\/\/www.asociacionaise.org\/#organization\"},\"image\":{\"@id\":\"https:\/\/www.asociacionaise.org\/index.php\/aise-con-los-afectados-del-terremoto\/#primaryimage\"},\"thumbnailUrl\":\"https:\/\/www.asociacionaise.org\/wp-content\/uploads\/2016\/05\/IMG_4286.jpg\",\"articleSection\":[\"Uncategorized\"],\"inLanguage\":\"es\"},{\"@type\":\"WebPage\",\"@id\":\"https:\/\/www.asociacionaise.org\/index.php\/aise-con-los-afectados-del-terremoto\/\",\"url\":\"https:\/\/www.asociacionaise.org\/index.php\/aise-con-los-afectados-del-terremoto\/\",\"name\":\"AISE con los damnificados del terremoto - AISE\",\"isPartOf\":{\"@id\":\"https:\/\/www.asociacionaise.org\/#website\"},\"primaryImageOfPage\":{\"@id\":\"https:\/\/www.asociacionaise.org\/index.php\/aise-con-los-afectados-del-terremoto\/#primaryimage\"},\"image\":{\"@id\":\"https:\/\/www.asociacionaise.org\/index.php\/aise-con-los-afectados-del-terremoto\/#primaryimage\"},\"thumbnailUrl\":\"https:\/\/www.asociacionaise.org\/wp-content\/uploads\/2016\/05\/IMG_4286.jpg\",\"datePublished\":\"2016-05-27T04:01:43+00:00\",\"dateModified\":\"2016-05-27T04:08:55+00:00\",\"breadcrumb\":{\"@id\":\"https:\/\/www.asociacionaise.org\/index.php\/aise-con-los-afectados-del-terremoto\/#breadcrumb\"},\"inLanguage\":\"es\",\"potentialAction\":[{\"@type\":\"ReadAction\",\"target\":[\"https:\/\/www.asociacionaise.org\/index.php\/aise-con-los-afectados-del-terremoto\/\"]}]},{\"@type\":\"ImageObject\",\"inLanguage\":\"es\",\"@id\":\"https:\/\/www.asociacionaise.org\/index.php\/aise-con-los-afectados-del-terremoto\/#primaryimage\",\"url\":\"https:\/\/www.asociacionaise.org\/wp-content\/uploads\/2016\/05\/IMG_4286.jpg\",\"contentUrl\":\"https:\/\/www.asociacionaise.org\/wp-content\/uploads\/2016\/05\/IMG_4286.jpg\",\"width\":1600,\"height\":1200},{\"@type\":\"BreadcrumbList\",\"@id\":\"https:\/\/www.asociacionaise.org\/index.php\/aise-con-los-afectados-del-terremoto\/#breadcrumb\",\"itemListElement\":[{\"@type\":\"ListItem\",\"position\":1,\"name\":\"Portada\",\"item\":\"https:\/\/www.asociacionaise.org\/\"},{\"@type\":\"ListItem\",\"position\":2,\"name\":\"AISE con los damnificados del terremoto\"}]},{\"@type\":\"WebSite\",\"@id\":\"https:\/\/www.asociacionaise.org\/#website\",\"url\":\"https:\/\/www.asociacionaise.org\/\",\"name\":\"AISE\",\"description\":\"Asociaci\u00f3n Internacional de Sanitarios en Espa\u00f1a\",\"publisher\":{\"@id\":\"https:\/\/www.asociacionaise.org\/#organization\"},\"potentialAction\":[{\"@type\":\"SearchAction\",\"target\":{\"@type\":\"EntryPoint\",\"urlTemplate\":\"https:\/\/www.asociacionaise.org\/?s={search_term_string}\"},\"query-input\":{\"@type\":\"PropertyValueSpecification\",\"valueRequired\":true,\"valueName\":\"search_term_string\"}}],\"inLanguage\":\"es\"},{\"@type\":\"Organization\",\"@id\":\"https:\/\/www.asociacionaise.org\/#organization\",\"name\":\"Asociacion AISE\",\"url\":\"https:\/\/www.asociacionaise.org\/\",\"logo\":{\"@type\":\"ImageObject\",\"inLanguage\":\"es\",\"@id\":\"https:\/\/www.asociacionaise.org\/#\/schema\/logo\/image\/\",\"url\":\"http:\/\/www.asociacionaise.org\/wp-content\/uploads\/2020\/02\/logo256.png\",\"contentUrl\":\"http:\/\/www.asociacionaise.org\/wp-content\/uploads\/2020\/02\/logo256.png\",\"width\":256,\"height\":256,\"caption\":\"Asociacion AISE\"},\"image\":{\"@id\":\"https:\/\/www.asociacionaise.org\/#\/schema\/logo\/image\/\"},\"sameAs\":[\"https:\/\/www.facebook.com\/AISEOrg\/\",\"https:\/\/x.com\/ASOCIACIONAISE\",\"https:\/\/www.instagram.com\/aise_voluntariado\/\",\"https:\/\/www.linkedin.com\/in\/asociacion-aise-64a445147\/\"]},{\"@type\":\"Person\",\"@id\":\"https:\/\/www.asociacionaise.org\/#\/schema\/person\/70ffe441b355a3fc31f91ffa0e5645c0\",\"name\":\"Cristina Fern\u00e1ndez\",\"url\":\"https:\/\/www.asociacionaise.org\/index.php\/author\/cristina\/\"}]}<\/script>\n<!-- \/ Yoast SEO plugin. -->","yoast_head_json":{"title":"AISE con los damnificados del terremoto - AISE","robots":{"index":"index","follow":"follow","max-snippet":"max-snippet:-1","max-image-preview":"max-image-preview:large","max-video-preview":"max-video-preview:-1"},"canonical":"https:\/\/www.asociacionaise.org\/index.php\/aise-con-los-afectados-del-terremoto\/","og_locale":"es_ES","og_type":"article","og_title":"AISE con los damnificados del terremoto - AISE","og_description":"AISE no ha parado de trabajar desde aquel terrible 16 de abril en el que el terremoto abati\u00f3 la zona costera de Ecuador. Desde entonces hemos conseguido casi 100kg de medicaci\u00f3n y material sanitario,\u00a0gracias a voluntarios que se esfuerzan por donar y a responsables de zona que se encargan de reunir y enviar a nuestra [&hellip;]","og_url":"https:\/\/www.asociacionaise.org\/index.php\/aise-con-los-afectados-del-terremoto\/","og_site_name":"AISE","article_publisher":"https:\/\/www.facebook.com\/AISEOrg\/","article_published_time":"2016-05-27T04:01:43+00:00","article_modified_time":"2016-05-27T04:08:55+00:00","og_image":[{"width":1600,"height":1200,"url":"https:\/\/www.asociacionaise.org\/wp-content\/uploads\/2016\/05\/IMG_4286.jpg","type":"image\/jpeg"}],"author":"Cristina Fern\u00e1ndez","twitter_card":"summary_large_image","twitter_creator":"@ASOCIACIONAISE","twitter_site":"@ASOCIACIONAISE","twitter_misc":{"Escrito por":"Cristina Fern\u00e1ndez","Tiempo de lectura":"1 minuto"},"schema":{"@context":"https:\/\/schema.org","@graph":[{"@type":"Article","@id":"https:\/\/www.asociacionaise.org\/index.php\/aise-con-los-afectados-del-terremoto\/#article","isPartOf":{"@id":"https:\/\/www.asociacionaise.org\/index.php\/aise-con-los-afectados-del-terremoto\/"},"author":{"name":"Cristina Fern\u00e1ndez","@id":"https:\/\/www.asociacionaise.org\/#\/schema\/person\/70ffe441b355a3fc31f91ffa0e5645c0"},"headline":"AISE con los damnificados del terremoto","datePublished":"2016-05-27T04:01:43+00:00","dateModified":"2016-05-27T04:08:55+00:00","mainEntityOfPage":{"@id":"https:\/\/www.asociacionaise.org\/index.php\/aise-con-los-afectados-del-terremoto\/"},"wordCount":222,"publisher":{"@id":"https:\/\/www.asociacionaise.org\/#organization"},"image":{"@id":"https:\/\/www.asociacionaise.org\/index.php\/aise-con-los-afectados-del-terremoto\/#primaryimage"},"thumbnailUrl":"https:\/\/www.asociacionaise.org\/wp-content\/uploads\/2016\/05\/IMG_4286.jpg","articleSection":["Uncategorized"],"inLanguage":"es"},{"@type":"WebPage","@id":"https:\/\/www.asociacionaise.org\/index.php\/aise-con-los-afectados-del-terremoto\/","url":"https:\/\/www.asociacionaise.org\/index.php\/aise-con-los-afectados-del-terremoto\/","name":"AISE con los damnificados del terremoto - AISE","isPartOf":{"@id":"https:\/\/www.asociacionaise.org\/#website"},"primaryImageOfPage":{"@id":"https:\/\/www.asociacionaise.org\/index.php\/aise-con-los-afectados-del-terremoto\/#primaryimage"},"image":{"@id":"https:\/\/www.asociacionaise.org\/index.php\/aise-con-los-afectados-del-terremoto\/#primaryimage"},"thumbnailUrl":"https:\/\/www.asociacionaise.org\/wp-content\/uploads\/2016\/05\/IMG_4286.jpg","datePublished":"2016-05-27T04:01:43+00:00","dateModified":"2016-05-27T04:08:55+00:00","breadcrumb":{"@id":"https:\/\/www.asociacionaise.org\/index.php\/aise-con-los-afectados-del-terremoto\/#breadcrumb"},"inLanguage":"es","potentialAction":[{"@type":"ReadAction","target":["https:\/\/www.asociacionaise.org\/index.php\/aise-con-los-afectados-del-terremoto\/"]}]},{"@type":"ImageObject","inLanguage":"es","@id":"https:\/\/www.asociacionaise.org\/index.php\/aise-con-los-afectados-del-terremoto\/#primaryimage","url":"https:\/\/www.asociacionaise.org\/wp-content\/uploads\/2016\/05\/IMG_4286.jpg","contentUrl":"https:\/\/www.asociacionaise.org\/wp-content\/uploads\/2016\/05\/IMG_4286.jpg","width":1600,"height":1200},{"@type":"BreadcrumbList","@id":"https:\/\/www.asociacionaise.org\/index.php\/aise-con-los-afectados-del-terremoto\/#breadcrumb","itemListElement":[{"@type":"ListItem","position":1,"name":"Portada","item":"https:\/\/www.asociacionaise.org\/"},{"@type":"ListItem","position":2,"name":"AISE con los damnificados del terremoto"}]},{"@type":"WebSite","@id":"https:\/\/www.asociacionaise.org\/#website","url":"https:\/\/www.asociacionaise.org\/","name":"AISE","description":"Asociaci\u00f3n Internacional de Sanitarios en Espa\u00f1a","publisher":{"@id":"https:\/\/www.asociacionaise.org\/#organization"},"potentialAction":[{"@type":"SearchAction","target":{"@type":"EntryPoint","urlTemplate":"https:\/\/www.asociacionaise.org\/?s={search_term_string}"},"query-input":{"@type":"PropertyValueSpecification","valueRequired":true,"valueName":"search_term_string"}}],"inLanguage":"es"},{"@type":"Organization","@id":"https:\/\/www.asociacionaise.org\/#organization","name":"Asociacion AISE","url":"https:\/\/www.asociacionaise.org\/","logo":{"@type":"ImageObject","inLanguage":"es","@id":"https:\/\/www.asociacionaise.org\/#\/schema\/logo\/image\/","url":"http:\/\/www.asociacionaise.org\/wp-content\/uploads\/2020\/02\/logo256.png","contentUrl":"http:\/\/www.asociacionaise.org\/wp-content\/uploads\/2020\/02\/logo256.png","width":256,"height":256,"caption":"Asociacion AISE"},"image":{"@id":"https:\/\/www.asociacionaise.org\/#\/schema\/logo\/image\/"},"sameAs":["https:\/\/www.facebook.com\/AISEOrg\/","https:\/\/x.com\/ASOCIACIONAISE","https:\/\/www.instagram.com\/aise_voluntariado\/","https:\/\/www.linkedin.com\/in\/asociacion-aise-64a445147\/"]},{"@type":"Person","@id":"https:\/\/www.asociacionaise.org\/#\/schema\/person\/70ffe441b355a3fc31f91ffa0e5645c0","name":"Cristina Fern\u00e1ndez","url":"https:\/\/www.asociacionaise.org\/index.php\/author\/cristina\/"}]}},"_links":{"self":[{"href":"https:\/\/www.asociacionaise.org\/index.php\/wp-json\/wp\/v2\/posts\/2863","targetHints":{"allow":["GET"]}}],"collection":[{"href":"https:\/\/www.asociacionaise.org\/index.php\/wp-json\/wp\/v2\/posts"}],"about":[{"href":"https:\/\/www.asociacionaise.org\/index.php\/wp-json\/wp\/v2\/types\/post"}],"author":[{"embeddable":true,"href":"https:\/\/www.asociacionaise.org\/index.php\/wp-json\/wp\/v2\/users\/5"}],"replies":[{"embeddable":true,"href":"https:\/\/www.asociacionaise.org\/index.php\/wp-json\/wp\/v2\/comments?post=2863"}],"version-history":[{"count":4,"href":"https:\/\/www.asociacionaise.org\/index.php\/wp-json\/wp\/v2\/posts\/2863\/revisions"}],"predecessor-version":[{"id":2865,"href":"https:\/\/www.asociacionaise.org\/index.php\/wp-json\/wp\/v2\/posts\/2863\/revisions\/2865"}],"wp:featuredmedia":[{"embeddable":true,"href":"https:\/\/www.asociacionaise.org\/index.php\/wp-json\/wp\/v2\/media\/2867"}],"wp:attachment":[{"href":"https:\/\/www.asociacionaise.org\/index.php\/wp-json\/wp\/v2\/media?parent=2863"}],"wp:term":[{"taxonomy":"category","embeddable":true,"href":"https:\/\/www.asociacionaise.org\/index.php\/wp-json\/wp\/v2\/categories?post=2863"},{"taxonomy":"post_tag","embeddable":true,"href":"https:\/\/www.asociacionaise.org\/index.php\/wp-json\/wp\/v2\/tags?post=2863"}],"curies":[{"name":"wp","href":"https:\/\/api.w.org\/{rel}","templated":true}]}}